{"id":13944,"global_id":"cyclingcambrils.com\/ca\/?id=13944","global_id_lineage":["cyclingcambrils.com\/ca\/?id=13944"],"author":"20","status":"publish","date":"2025-03-20 14:42:34","date_utc":"2025-03-20 14:42:34","modified":"2026-01-14 17:12:24","modified_utc":"2026-01-14 17:12:24","url":"https:\/\/cyclingcambrils.com\/ca\/evento\/circuit-deducacio-viaria\/","rest_url":"https:\/\/cyclingcambrils.com\/ca\/wp-json\/tribe\/events\/v1\/events\/13944","title":"CIRCUIT D&#8217;EDUCACI\u00d3 VI\u00c0RIA","description":"<p><em class=\"event-meta-postitle\">Activitat gratu\u00efta, Activitat infantil<\/em><br \/>\nPreparaci\u00f3 sobre els valors i comportament de seguretat vi\u00e0ria com a aposta per conscienciar i preparar els futurs usuaris de la xarxa vi\u00e0ria. Inscripcions: in-situ.<\/p>","excerpt":"","slug":"circuit-deducacio-viaria","image":{"url":"https:\/\/cyclingcambrils.com\/wp-content\/uploads\/2025\/03\/IMG_1308-1.jpg","id":14580,"extension":"jpg","width":600,"height":400,"filesize":68887,"sizes":{"medium":{"width":300,"height":200,"mime-type":"image\/jpeg","filesize":41431,"url":"https:\/\/cyclingcambrils.com\/wp-content\/uploads\/2025\/03\/IMG_1308-1-300x200.jpg"},"thumbnail":{"width":150,"height":150,"mime-type":"image\/jpeg","filesize":17937,"url":"https:\/\/cyclingcambrils.com\/wp-content\/uploads\/2025\/03\/IMG_1308-1-150x150.jpg"},"blog-large":{"width":600,"height":272,"mime-type":"image\/jpeg","filesize":62923,"url":"https:\/\/cyclingcambrils.com\/wp-content\/uploads\/2025\/03\/IMG_1308-1-600x272.jpg"},"blog-medium":{"width":320,"height":202,"mime-type":"image\/jpeg","filesize":44844,"url":"https:\/\/cyclingcambrils.com\/wp-content\/uploads\/2025\/03\/IMG_1308-1-320x202.jpg"},"recent-works-thumbnail":{"width":66,"height":66,"mime-type":"image\/jpeg","filesize":4813,"url":"https:\/\/cyclingcambrils.com\/wp-content\/uploads\/2025\/03\/IMG_1308-1-66x66.jpg"},"fusion-200":{"width":200,"height":133,"mime-type":"image\/jpeg","filesize":21383,"url":"https:\/\/cyclingcambrils.com\/wp-content\/uploads\/2025\/03\/IMG_1308-1-200x133.jpg"},"fusion-400":{"width":400,"height":267,"mime-type":"image\/jpeg","filesize":66077,"url":"https:\/\/cyclingcambrils.com\/wp-content\/uploads\/2025\/03\/IMG_1308-1-400x267.jpg"}}},"all_day":false,"start_date":"2026-05-23 10:00:00","start_date_details":{"year":"2026","month":"05","day":"23","hour":"10","minutes":"00","seconds":"00"},"end_date":"2026-05-23 14:00:00","end_date_details":{"year":"2026","month":"05","day":"23","hour":"14","minutes":"00","seconds":"00"},"utc_start_date":"2026-05-23 10:00:00","utc_start_date_details":{"year":"2026","month":"05","day":"23","hour":"10","minutes":"00","seconds":"00"},"utc_end_date":"2026-05-23 14:00:00","utc_end_date_details":{"year":"2026","month":"05","day":"23","hour":"14","minutes":"00","seconds":"00"},"timezone":"UTC+0","timezone_abbr":"UTC+0","cost":"","cost_details":{"currency_symbol":"\u20ac","currency_code":"EUR","currency_position":"prefix","values":[]},"website":"","show_map":false,"show_map_link":false,"hide_from_listings":false,"sticky":false,"featured":false,"categories":[{"name":"Dissabte","slug":"dissabte","term_group":0,"term_taxonomy_id":237,"taxonomy":"tribe_events_cat","description":"","parent":236,"count":16,"filter":"raw","id":237,"urls":{"self":"https:\/\/cyclingcambrils.com\/ca\/wp-json\/tribe\/events\/v1\/categories\/237","collection":"https:\/\/cyclingcambrils.com\/ca\/wp-json\/tribe\/events\/v1\/categories","up":"https:\/\/cyclingcambrils.com\/ca\/wp-json\/tribe\/events\/v1\/categories\/236"}}],"tags":[],"venue":[],"organizer":[],"custom_fields":[],"json_ld":{"@context":"http:\/\/schema.org","@type":"Event","name":"CIRCUIT D&#8217;EDUCACI\u00d3 VI\u00c0RIA","description":"&lt;p&gt;Activitat gratu\u00efta, Activitat infantil Preparaci\u00f3 sobre els valors i comportament  ...&lt;\/p&gt;\\n","image":"https:\/\/cyclingcambrils.com\/wp-content\/uploads\/2025\/03\/IMG_1308-1.jpg","url":"https:\/\/cyclingcambrils.com\/ca\/evento\/circuit-deducacio-viaria\/","eventAttendanceMode":"https:\/\/schema.org\/OfflineEventAttendanceMode","eventStatus":"https:\/\/schema.org\/EventScheduled","startDate":"2026-05-23T10:00:00+00:00","endDate":"2026-05-23T14:00:00+00:00","performer":"Organization"}}