{"id":14778,"date":"2025-09-25T05:28:41","date_gmt":"2025-09-25T05:28:41","guid":{"rendered":"https:\/\/cyclingcambrils.com\/?p=14778"},"modified":"2025-10-13T14:02:53","modified_gmt":"2025-10-13T14:02:53","slug":"los-parques-de-cambrils-a-tiro-de-bicicleta","status":"publish","type":"post","link":"https:\/\/cyclingcambrils.com\/ca\/los-parques-de-cambrils-a-tiro-de-bicicleta\/","title":{"rendered":"Los parques de Cambrils, a tiro de bicicleta"},"content":{"rendered":"<p data-start=\"45\" data-end=\"150\">A Cambrils hi ha diversos parcs amb molta hist\u00f2ria i encant, cadascun amb el seu propi estil i ambient.<\/p>\n<p data-start=\"152\" data-end=\"529\">El primer parc de la ciutat es va construir com a homenatge als pescadors, i est\u00e0 just al costat del port, davant de la platja. \u00c9s un lloc molt concorregut tant per turistes com per ve\u00efns, ja que la seva ubicaci\u00f3 \u00e9s perfecta. Ocupa uns 5.000 metres quadrats i t\u00e9 un disseny curi\u00f3s: la part sud est\u00e0 inspirada en un jard\u00ed mediterrani i la zona central t\u00e9 un aire m\u00e9s tropical.<\/p>\n<p data-start=\"531\" data-end=\"780\">A l\u2019interior hi ha tres \u00e0rees de jocs per a nens, un escenari on s\u2019hi celebren concerts i festes, a m\u00e9s de vestidors i un bar. El m\u00e9s especial potser sigui el seu rac\u00f3 m\u00e9s tranquil: un estany envoltat d\u2019eucaliptus, ideal per relaxar-se una estona.<\/p>\n<p data-start=\"782\" data-end=\"1072\">Un altre espai molt popular \u00e9s el Parc del Pinaret, el m\u00e9s gran i tamb\u00e9 el m\u00e9s recent de Cambrils, amb unes 4,5 hect\u00e0rees. Est\u00e0 dividit en quatre parts molt diferents. D\u2019una banda, una pla\u00e7a pavimentada amb graderies i una gran p\u00e8rgola fotovoltaica que dona ombra i alhora genera energia.<\/p>\n<p data-start=\"88\" data-end=\"192\"><img decoding=\"async\" class=\"lazyload alignnone size-full wp-image-14785\" src=\"https:\/\/cyclingcambrils.com\/wp-content\/uploads\/2025\/09\/CAMBRILS-141.jpg\" data-orig-src=\"https:\/\/cyclingcambrils.com\/wp-content\/uploads\/2025\/09\/CAMBRILS-141.jpg\" alt=\"\" width=\"900\" height=\"600\" srcset=\"data:image\/svg+xml,%3Csvg%20xmlns%3D%27http%3A%2F%2Fwww.w3.org%2F2000%2Fsvg%27%20width%3D%27900%27%20height%3D%27600%27%20viewBox%3D%270%200%20900%20600%27%3E%3Crect%20width%3D%27900%27%20height%3D%27600%27%20fill-opacity%3D%220%22%2F%3E%3C%2Fsvg%3E\" data-srcset=\"https:\/\/cyclingcambrils.com\/wp-content\/uploads\/2025\/09\/CAMBRILS-141-200x133.jpg 200w, https:\/\/cyclingcambrils.com\/wp-content\/uploads\/2025\/09\/CAMBRILS-141-300x200.jpg 300w, https:\/\/cyclingcambrils.com\/wp-content\/uploads\/2025\/09\/CAMBRILS-141-400x267.jpg 400w, https:\/\/cyclingcambrils.com\/wp-content\/uploads\/2025\/09\/CAMBRILS-141-600x400.jpg 600w, https:\/\/cyclingcambrils.com\/wp-content\/uploads\/2025\/09\/CAMBRILS-141-768x512.jpg 768w, https:\/\/cyclingcambrils.com\/wp-content\/uploads\/2025\/09\/CAMBRILS-141-800x533.jpg 800w, https:\/\/cyclingcambrils.com\/wp-content\/uploads\/2025\/09\/CAMBRILS-141.jpg 900w\" data-sizes=\"auto\" data-orig-sizes=\"(max-width: 900px) 100vw, 900px\" \/><\/p>\n<p data-start=\"194\" data-end=\"828\"><img decoding=\"async\" class=\"lazyload alignnone size-full wp-image-14779\" src=\"https:\/\/cyclingcambrils.com\/wp-content\/uploads\/2025\/09\/CAMBRILS-135.jpg\" data-orig-src=\"https:\/\/cyclingcambrils.com\/wp-content\/uploads\/2025\/09\/CAMBRILS-135.jpg\" alt=\"\" width=\"900\" height=\"600\" srcset=\"data:image\/svg+xml,%3Csvg%20xmlns%3D%27http%3A%2F%2Fwww.w3.org%2F2000%2Fsvg%27%20width%3D%27900%27%20height%3D%27600%27%20viewBox%3D%270%200%20900%20600%27%3E%3Crect%20width%3D%27900%27%20height%3D%27600%27%20fill-opacity%3D%220%22%2F%3E%3C%2Fsvg%3E\" data-srcset=\"https:\/\/cyclingcambrils.com\/wp-content\/uploads\/2025\/09\/CAMBRILS-135-200x133.jpg 200w, https:\/\/cyclingcambrils.com\/wp-content\/uploads\/2025\/09\/CAMBRILS-135-300x200.jpg 300w, https:\/\/cyclingcambrils.com\/wp-content\/uploads\/2025\/09\/CAMBRILS-135-400x267.jpg 400w, https:\/\/cyclingcambrils.com\/wp-content\/uploads\/2025\/09\/CAMBRILS-135-600x400.jpg 600w, https:\/\/cyclingcambrils.com\/wp-content\/uploads\/2025\/09\/CAMBRILS-135-768x512.jpg 768w, https:\/\/cyclingcambrils.com\/wp-content\/uploads\/2025\/09\/CAMBRILS-135-800x533.jpg 800w, https:\/\/cyclingcambrils.com\/wp-content\/uploads\/2025\/09\/CAMBRILS-135.jpg 900w\" data-sizes=\"auto\" data-orig-sizes=\"(max-width: 900px) 100vw, 900px\" \/><\/p>\n<p data-start=\"1074\" data-end=\"1424\">Tamb\u00e9 t\u00e9 una aula verda que reprodueix un petit camp agr\u00edcola, pensada per aprendre sobre plantes aut\u00f2ctones. No hi falta una zona de bosc amb taules de p\u00edcnic i camins per passejar, perfecta per passar el dia a l\u2019aire lliure. I, com no, una \u00e0rea infantil amb jocs i un espai d\u2019educaci\u00f3 vi\u00e0ria perqu\u00e8 els m\u00e9s petits aprenguin mentre es diverteixen.<\/p>\n<p data-start=\"1426\" data-end=\"1766\">A nom\u00e9s 4 km de Cambrils, en direcci\u00f3 a Montbri\u00f3, es troba el Parc Sam\u00e0, un aut\u00e8ntic tresor. \u00c9s un jard\u00ed hist\u00f2ric declarat B\u00e9 Cultural d\u2019Inter\u00e8s Nacional i incl\u00f2s en les rutes europees de jardins hist\u00f2rics. Va ser creat per una fam\u00edlia que havia viscut a Cuba i que va voler portar a aquesta zona un trosset de l\u2019ambient ex\u00f2tic de l\u2019illa.<\/p>\n<p data-start=\"830\" data-end=\"1487\"><img decoding=\"async\" class=\"lazyload alignnone size-full wp-image-14791\" src=\"https:\/\/cyclingcambrils.com\/wp-content\/uploads\/2025\/09\/CAMBRILS-366.jpg\" data-orig-src=\"https:\/\/cyclingcambrils.com\/wp-content\/uploads\/2025\/09\/CAMBRILS-366.jpg\" alt=\"\" width=\"900\" height=\"1350\" srcset=\"data:image\/svg+xml,%3Csvg%20xmlns%3D%27http%3A%2F%2Fwww.w3.org%2F2000%2Fsvg%27%20width%3D%27900%27%20height%3D%271350%27%20viewBox%3D%270%200%20900%201350%27%3E%3Crect%20width%3D%27900%27%20height%3D%271350%27%20fill-opacity%3D%220%22%2F%3E%3C%2Fsvg%3E\" data-srcset=\"https:\/\/cyclingcambrils.com\/wp-content\/uploads\/2025\/09\/CAMBRILS-366-200x300.jpg 200w, https:\/\/cyclingcambrils.com\/wp-content\/uploads\/2025\/09\/CAMBRILS-366-400x600.jpg 400w, https:\/\/cyclingcambrils.com\/wp-content\/uploads\/2025\/09\/CAMBRILS-366-600x900.jpg 600w, https:\/\/cyclingcambrils.com\/wp-content\/uploads\/2025\/09\/CAMBRILS-366-683x1024.jpg 683w, https:\/\/cyclingcambrils.com\/wp-content\/uploads\/2025\/09\/CAMBRILS-366-768x1152.jpg 768w, https:\/\/cyclingcambrils.com\/wp-content\/uploads\/2025\/09\/CAMBRILS-366-800x1200.jpg 800w, https:\/\/cyclingcambrils.com\/wp-content\/uploads\/2025\/09\/CAMBRILS-366.jpg 900w\" data-sizes=\"auto\" data-orig-sizes=\"(max-width: 900px) 100vw, 900px\" \/><\/p>\n<p data-start=\"1768\" data-end=\"2101\">Per aix\u00f2, en passejar-hi es nota un aire rom\u00e0ntic i colonial. El seu disseny combina camins arbrats, espais oberts i elements arquitect\u00f2nics destacats. Al centre hi destaquen la casa i un gran llac, envoltats d\u2019una incre\u00efble varietat de plantes i arbres que converteixen el parc en un lloc \u00fanic per perdre-s\u2019hi i admirar la natura.<\/p>\n","protected":false},"excerpt":{"rendered":"<p>A Cambrils hi ha diversos parcs amb molta hist\u00f2ria i  &#8230;<\/p>\n","protected":false},"author":22,"featured_media":14797,"comment_status":"open","ping_status":"open","sticky":false,"template":"","format":"standard","meta":{"_acf_changed":false,"footnotes":""},"categories":[86],"tags":[284,291,292],"class_list":["post-14778","post","type-post","status-publish","format-standard","has-post-thumbnail","hentry","category-blog-ca","tag-cambrils-2","tag-parc-pinaret","tag-parc-sama-2"],"acf":[],"yoast_head":"<!-- This site is optimized with the Yoast SEO plugin v27.4 - https:\/\/yoast.com\/product\/yoast-seo-wordpress\/ -->\n<title>En Cambrils hay varios parques con mucha historia y encanto<\/title>\n<meta name=\"description\" content=\"En Cambrils hay varios parques con mucha historia y encanto, cada uno con su propio estilo y ambiente y accesibles con bicicleta\" \/>\n<meta name=\"robots\" content=\"index, follow, max-snippet:-1, max-image-preview:large, max-video-preview:-1\" \/>\n<link rel=\"canonical\" href=\"https:\/\/cyclingcambrils.com\/ca\/los-parques-de-cambrils-a-tiro-de-bicicleta\/\" \/>\n<meta property=\"og:locale\" content=\"ca_ES\" \/>\n<meta property=\"og:type\" content=\"article\" \/>\n<meta property=\"og:title\" content=\"En Cambrils hay varios parques con mucha historia y encanto\" \/>\n<meta property=\"og:description\" content=\"En Cambrils hay varios parques con mucha historia y encanto, cada uno con su propio estilo y ambiente y accesibles con bicicleta\" \/>\n<meta property=\"og:url\" content=\"https:\/\/cyclingcambrils.com\/ca\/los-parques-de-cambrils-a-tiro-de-bicicleta\/\" \/>\n<meta property=\"og:site_name\" content=\"Cambrils Cycling Paradise\" \/>\n<meta property=\"article:publisher\" content=\"https:\/\/www.facebook.com\/CambrilsTurisme\/\" \/>\n<meta property=\"article:published_time\" content=\"2025-09-25T05:28:41+00:00\" \/>\n<meta property=\"article:modified_time\" content=\"2025-10-13T14:02:53+00:00\" \/>\n<meta property=\"og:image\" content=\"https:\/\/cyclingcambrils.com\/wp-content\/uploads\/2025\/09\/CAMBRILS-369.jpg\" \/>\n\t<meta property=\"og:image:width\" content=\"900\" \/>\n\t<meta property=\"og:image:height\" content=\"600\" \/>\n\t<meta property=\"og:image:type\" content=\"image\/jpeg\" \/>\n<meta name=\"author\" content=\"iban\" \/>\n<meta name=\"twitter:card\" content=\"summary_large_image\" \/>\n<meta name=\"twitter:label1\" content=\"Escrit per\" \/>\n\t<meta name=\"twitter:data1\" content=\"iban\" \/>\n\t<meta name=\"twitter:label2\" content=\"Temps estimat de lectura\" \/>\n\t<meta name=\"twitter:data2\" content=\"3 minuts\" \/>\n<script type=\"application\/ld+json\" class=\"yoast-schema-graph\">{\"@context\":\"https:\\\/\\\/schema.org\",\"@graph\":[{\"@type\":\"Article\",\"@id\":\"https:\\\/\\\/cyclingcambrils.com\\\/ca\\\/los-parques-de-cambrils-a-tiro-de-bicicleta\\\/#article\",\"isPartOf\":{\"@id\":\"https:\\\/\\\/cyclingcambrils.com\\\/ca\\\/los-parques-de-cambrils-a-tiro-de-bicicleta\\\/\"},\"author\":{\"name\":\"iban\",\"@id\":\"https:\\\/\\\/cyclingcambrils.com\\\/ca\\\/#\\\/schema\\\/person\\\/6e4f10916c8dd5c49acb64e671bdf0a8\"},\"headline\":\"Los parques de Cambrils, a tiro de bicicleta\",\"datePublished\":\"2025-09-25T05:28:41+00:00\",\"dateModified\":\"2025-10-13T14:02:53+00:00\",\"mainEntityOfPage\":{\"@id\":\"https:\\\/\\\/cyclingcambrils.com\\\/ca\\\/los-parques-de-cambrils-a-tiro-de-bicicleta\\\/\"},\"wordCount\":407,\"commentCount\":0,\"publisher\":{\"@id\":\"https:\\\/\\\/cyclingcambrils.com\\\/ca\\\/#organization\"},\"image\":{\"@id\":\"https:\\\/\\\/cyclingcambrils.com\\\/ca\\\/los-parques-de-cambrils-a-tiro-de-bicicleta\\\/#primaryimage\"},\"thumbnailUrl\":\"https:\\\/\\\/cyclingcambrils.com\\\/wp-content\\\/uploads\\\/2025\\\/09\\\/CAMBRILS-369.jpg\",\"keywords\":[\"Cambrils\",\"Parc Pinaret\",\"Parc Sam\u00e0\"],\"articleSection\":[\"Blog\"],\"inLanguage\":\"ca\",\"potentialAction\":[{\"@type\":\"CommentAction\",\"name\":\"Comment\",\"target\":[\"https:\\\/\\\/cyclingcambrils.com\\\/ca\\\/los-parques-de-cambrils-a-tiro-de-bicicleta\\\/#respond\"]}]},{\"@type\":\"WebPage\",\"@id\":\"https:\\\/\\\/cyclingcambrils.com\\\/ca\\\/los-parques-de-cambrils-a-tiro-de-bicicleta\\\/\",\"url\":\"https:\\\/\\\/cyclingcambrils.com\\\/ca\\\/los-parques-de-cambrils-a-tiro-de-bicicleta\\\/\",\"name\":\"En Cambrils hay varios parques con mucha historia y encanto\",\"isPartOf\":{\"@id\":\"https:\\\/\\\/cyclingcambrils.com\\\/ca\\\/#website\"},\"primaryImageOfPage\":{\"@id\":\"https:\\\/\\\/cyclingcambrils.com\\\/ca\\\/los-parques-de-cambrils-a-tiro-de-bicicleta\\\/#primaryimage\"},\"image\":{\"@id\":\"https:\\\/\\\/cyclingcambrils.com\\\/ca\\\/los-parques-de-cambrils-a-tiro-de-bicicleta\\\/#primaryimage\"},\"thumbnailUrl\":\"https:\\\/\\\/cyclingcambrils.com\\\/wp-content\\\/uploads\\\/2025\\\/09\\\/CAMBRILS-369.jpg\",\"datePublished\":\"2025-09-25T05:28:41+00:00\",\"dateModified\":\"2025-10-13T14:02:53+00:00\",\"description\":\"En Cambrils hay varios parques con mucha historia y encanto, cada uno con su propio estilo y ambiente y accesibles con bicicleta\",\"breadcrumb\":{\"@id\":\"https:\\\/\\\/cyclingcambrils.com\\\/ca\\\/los-parques-de-cambrils-a-tiro-de-bicicleta\\\/#breadcrumb\"},\"inLanguage\":\"ca\",\"potentialAction\":[{\"@type\":\"ReadAction\",\"target\":[\"https:\\\/\\\/cyclingcambrils.com\\\/ca\\\/los-parques-de-cambrils-a-tiro-de-bicicleta\\\/\"]}]},{\"@type\":\"ImageObject\",\"inLanguage\":\"ca\",\"@id\":\"https:\\\/\\\/cyclingcambrils.com\\\/ca\\\/los-parques-de-cambrils-a-tiro-de-bicicleta\\\/#primaryimage\",\"url\":\"https:\\\/\\\/cyclingcambrils.com\\\/wp-content\\\/uploads\\\/2025\\\/09\\\/CAMBRILS-369.jpg\",\"contentUrl\":\"https:\\\/\\\/cyclingcambrils.com\\\/wp-content\\\/uploads\\\/2025\\\/09\\\/CAMBRILS-369.jpg\",\"width\":900,\"height\":600},{\"@type\":\"BreadcrumbList\",\"@id\":\"https:\\\/\\\/cyclingcambrils.com\\\/ca\\\/los-parques-de-cambrils-a-tiro-de-bicicleta\\\/#breadcrumb\",\"itemListElement\":[{\"@type\":\"ListItem\",\"position\":1,\"name\":\"Portada\",\"item\":\"https:\\\/\\\/cyclingcambrils.com\\\/ca\\\/\"},{\"@type\":\"ListItem\",\"position\":2,\"name\":\"Los parques de Cambrils, a tiro de bicicleta\"}]},{\"@type\":\"WebSite\",\"@id\":\"https:\\\/\\\/cyclingcambrils.com\\\/ca\\\/#website\",\"url\":\"https:\\\/\\\/cyclingcambrils.com\\\/ca\\\/\",\"name\":\"Cambrils Cycling Paradise\",\"description\":\"Descubre el para\u00edso del ciclista\",\"publisher\":{\"@id\":\"https:\\\/\\\/cyclingcambrils.com\\\/ca\\\/#organization\"},\"potentialAction\":[{\"@type\":\"SearchAction\",\"target\":{\"@type\":\"EntryPoint\",\"urlTemplate\":\"https:\\\/\\\/cyclingcambrils.com\\\/ca\\\/?s={search_term_string}\"},\"query-input\":{\"@type\":\"PropertyValueSpecification\",\"valueRequired\":true,\"valueName\":\"search_term_string\"}}],\"inLanguage\":\"ca\"},{\"@type\":\"Organization\",\"@id\":\"https:\\\/\\\/cyclingcambrils.com\\\/ca\\\/#organization\",\"name\":\"Cambrils Cycling Paradise\",\"url\":\"https:\\\/\\\/cyclingcambrils.com\\\/ca\\\/\",\"logo\":{\"@type\":\"ImageObject\",\"inLanguage\":\"ca\",\"@id\":\"https:\\\/\\\/cyclingcambrils.com\\\/ca\\\/#\\\/schema\\\/logo\\\/image\\\/\",\"url\":\"https:\\\/\\\/cyclingcambrils.com\\\/wp-content\\\/uploads\\\/2023\\\/04\\\/logo-cambrils-cycling-paradise.png\",\"contentUrl\":\"https:\\\/\\\/cyclingcambrils.com\\\/wp-content\\\/uploads\\\/2023\\\/04\\\/logo-cambrils-cycling-paradise.png\",\"width\":600,\"height\":196,\"caption\":\"Cambrils Cycling Paradise\"},\"image\":{\"@id\":\"https:\\\/\\\/cyclingcambrils.com\\\/ca\\\/#\\\/schema\\\/logo\\\/image\\\/\"},\"sameAs\":[\"https:\\\/\\\/www.facebook.com\\\/CambrilsTurisme\\\/\",\"https:\\\/\\\/www.instagram.com\\\/cambrilsturisme\"]},{\"@type\":\"Person\",\"@id\":\"https:\\\/\\\/cyclingcambrils.com\\\/ca\\\/#\\\/schema\\\/person\\\/6e4f10916c8dd5c49acb64e671bdf0a8\",\"name\":\"iban\",\"image\":{\"@type\":\"ImageObject\",\"inLanguage\":\"ca\",\"@id\":\"https:\\\/\\\/secure.gravatar.com\\\/avatar\\\/999f97df4560c00ff8bc15fa4f3d885bacdd4c58a1377c629714dac8f319a383?s=96&d=mm&r=g\",\"url\":\"https:\\\/\\\/secure.gravatar.com\\\/avatar\\\/999f97df4560c00ff8bc15fa4f3d885bacdd4c58a1377c629714dac8f319a383?s=96&d=mm&r=g\",\"contentUrl\":\"https:\\\/\\\/secure.gravatar.com\\\/avatar\\\/999f97df4560c00ff8bc15fa4f3d885bacdd4c58a1377c629714dac8f319a383?s=96&d=mm&r=g\",\"caption\":\"iban\"},\"url\":\"https:\\\/\\\/cyclingcambrils.com\\\/ca\\\/author\\\/iban\\\/\"}]}<\/script>\n<!-- \/ Yoast SEO plugin. -->","yoast_head_json":{"title":"En Cambrils hay varios parques con mucha historia y encanto","description":"En Cambrils hay varios parques con mucha historia y encanto, cada uno con su propio estilo y ambiente y accesibles con bicicleta","robots":{"index":"index","follow":"follow","max-snippet":"max-snippet:-1","max-image-preview":"max-image-preview:large","max-video-preview":"max-video-preview:-1"},"canonical":"https:\/\/cyclingcambrils.com\/ca\/los-parques-de-cambrils-a-tiro-de-bicicleta\/","og_locale":"ca_ES","og_type":"article","og_title":"En Cambrils hay varios parques con mucha historia y encanto","og_description":"En Cambrils hay varios parques con mucha historia y encanto, cada uno con su propio estilo y ambiente y accesibles con bicicleta","og_url":"https:\/\/cyclingcambrils.com\/ca\/los-parques-de-cambrils-a-tiro-de-bicicleta\/","og_site_name":"Cambrils Cycling Paradise","article_publisher":"https:\/\/www.facebook.com\/CambrilsTurisme\/","article_published_time":"2025-09-25T05:28:41+00:00","article_modified_time":"2025-10-13T14:02:53+00:00","og_image":[{"width":900,"height":600,"url":"https:\/\/cyclingcambrils.com\/wp-content\/uploads\/2025\/09\/CAMBRILS-369.jpg","type":"image\/jpeg"}],"author":"iban","twitter_card":"summary_large_image","twitter_misc":{"Escrit per":"iban","Temps estimat de lectura":"3 minuts"},"schema":{"@context":"https:\/\/schema.org","@graph":[{"@type":"Article","@id":"https:\/\/cyclingcambrils.com\/ca\/los-parques-de-cambrils-a-tiro-de-bicicleta\/#article","isPartOf":{"@id":"https:\/\/cyclingcambrils.com\/ca\/los-parques-de-cambrils-a-tiro-de-bicicleta\/"},"author":{"name":"iban","@id":"https:\/\/cyclingcambrils.com\/ca\/#\/schema\/person\/6e4f10916c8dd5c49acb64e671bdf0a8"},"headline":"Los parques de Cambrils, a tiro de bicicleta","datePublished":"2025-09-25T05:28:41+00:00","dateModified":"2025-10-13T14:02:53+00:00","mainEntityOfPage":{"@id":"https:\/\/cyclingcambrils.com\/ca\/los-parques-de-cambrils-a-tiro-de-bicicleta\/"},"wordCount":407,"commentCount":0,"publisher":{"@id":"https:\/\/cyclingcambrils.com\/ca\/#organization"},"image":{"@id":"https:\/\/cyclingcambrils.com\/ca\/los-parques-de-cambrils-a-tiro-de-bicicleta\/#primaryimage"},"thumbnailUrl":"https:\/\/cyclingcambrils.com\/wp-content\/uploads\/2025\/09\/CAMBRILS-369.jpg","keywords":["Cambrils","Parc Pinaret","Parc Sam\u00e0"],"articleSection":["Blog"],"inLanguage":"ca","potentialAction":[{"@type":"CommentAction","name":"Comment","target":["https:\/\/cyclingcambrils.com\/ca\/los-parques-de-cambrils-a-tiro-de-bicicleta\/#respond"]}]},{"@type":"WebPage","@id":"https:\/\/cyclingcambrils.com\/ca\/los-parques-de-cambrils-a-tiro-de-bicicleta\/","url":"https:\/\/cyclingcambrils.com\/ca\/los-parques-de-cambrils-a-tiro-de-bicicleta\/","name":"En Cambrils hay varios parques con mucha historia y encanto","isPartOf":{"@id":"https:\/\/cyclingcambrils.com\/ca\/#website"},"primaryImageOfPage":{"@id":"https:\/\/cyclingcambrils.com\/ca\/los-parques-de-cambrils-a-tiro-de-bicicleta\/#primaryimage"},"image":{"@id":"https:\/\/cyclingcambrils.com\/ca\/los-parques-de-cambrils-a-tiro-de-bicicleta\/#primaryimage"},"thumbnailUrl":"https:\/\/cyclingcambrils.com\/wp-content\/uploads\/2025\/09\/CAMBRILS-369.jpg","datePublished":"2025-09-25T05:28:41+00:00","dateModified":"2025-10-13T14:02:53+00:00","description":"En Cambrils hay varios parques con mucha historia y encanto, cada uno con su propio estilo y ambiente y accesibles con bicicleta","breadcrumb":{"@id":"https:\/\/cyclingcambrils.com\/ca\/los-parques-de-cambrils-a-tiro-de-bicicleta\/#breadcrumb"},"inLanguage":"ca","potentialAction":[{"@type":"ReadAction","target":["https:\/\/cyclingcambrils.com\/ca\/los-parques-de-cambrils-a-tiro-de-bicicleta\/"]}]},{"@type":"ImageObject","inLanguage":"ca","@id":"https:\/\/cyclingcambrils.com\/ca\/los-parques-de-cambrils-a-tiro-de-bicicleta\/#primaryimage","url":"https:\/\/cyclingcambrils.com\/wp-content\/uploads\/2025\/09\/CAMBRILS-369.jpg","contentUrl":"https:\/\/cyclingcambrils.com\/wp-content\/uploads\/2025\/09\/CAMBRILS-369.jpg","width":900,"height":600},{"@type":"BreadcrumbList","@id":"https:\/\/cyclingcambrils.com\/ca\/los-parques-de-cambrils-a-tiro-de-bicicleta\/#breadcrumb","itemListElement":[{"@type":"ListItem","position":1,"name":"Portada","item":"https:\/\/cyclingcambrils.com\/ca\/"},{"@type":"ListItem","position":2,"name":"Los parques de Cambrils, a tiro de bicicleta"}]},{"@type":"WebSite","@id":"https:\/\/cyclingcambrils.com\/ca\/#website","url":"https:\/\/cyclingcambrils.com\/ca\/","name":"Cambrils Cycling Paradise","description":"Descubre el para\u00edso del ciclista","publisher":{"@id":"https:\/\/cyclingcambrils.com\/ca\/#organization"},"potentialAction":[{"@type":"SearchAction","target":{"@type":"EntryPoint","urlTemplate":"https:\/\/cyclingcambrils.com\/ca\/?s={search_term_string}"},"query-input":{"@type":"PropertyValueSpecification","valueRequired":true,"valueName":"search_term_string"}}],"inLanguage":"ca"},{"@type":"Organization","@id":"https:\/\/cyclingcambrils.com\/ca\/#organization","name":"Cambrils Cycling Paradise","url":"https:\/\/cyclingcambrils.com\/ca\/","logo":{"@type":"ImageObject","inLanguage":"ca","@id":"https:\/\/cyclingcambrils.com\/ca\/#\/schema\/logo\/image\/","url":"https:\/\/cyclingcambrils.com\/wp-content\/uploads\/2023\/04\/logo-cambrils-cycling-paradise.png","contentUrl":"https:\/\/cyclingcambrils.com\/wp-content\/uploads\/2023\/04\/logo-cambrils-cycling-paradise.png","width":600,"height":196,"caption":"Cambrils Cycling Paradise"},"image":{"@id":"https:\/\/cyclingcambrils.com\/ca\/#\/schema\/logo\/image\/"},"sameAs":["https:\/\/www.facebook.com\/CambrilsTurisme\/","https:\/\/www.instagram.com\/cambrilsturisme"]},{"@type":"Person","@id":"https:\/\/cyclingcambrils.com\/ca\/#\/schema\/person\/6e4f10916c8dd5c49acb64e671bdf0a8","name":"iban","image":{"@type":"ImageObject","inLanguage":"ca","@id":"https:\/\/secure.gravatar.com\/avatar\/999f97df4560c00ff8bc15fa4f3d885bacdd4c58a1377c629714dac8f319a383?s=96&d=mm&r=g","url":"https:\/\/secure.gravatar.com\/avatar\/999f97df4560c00ff8bc15fa4f3d885bacdd4c58a1377c629714dac8f319a383?s=96&d=mm&r=g","contentUrl":"https:\/\/secure.gravatar.com\/avatar\/999f97df4560c00ff8bc15fa4f3d885bacdd4c58a1377c629714dac8f319a383?s=96&d=mm&r=g","caption":"iban"},"url":"https:\/\/cyclingcambrils.com\/ca\/author\/iban\/"}]}},"_links":{"self":[{"href":"https:\/\/cyclingcambrils.com\/ca\/wp-json\/wp\/v2\/posts\/14778","targetHints":{"allow":["GET"]}}],"collection":[{"href":"https:\/\/cyclingcambrils.com\/ca\/wp-json\/wp\/v2\/posts"}],"about":[{"href":"https:\/\/cyclingcambrils.com\/ca\/wp-json\/wp\/v2\/types\/post"}],"author":[{"embeddable":true,"href":"https:\/\/cyclingcambrils.com\/ca\/wp-json\/wp\/v2\/users\/22"}],"replies":[{"embeddable":true,"href":"https:\/\/cyclingcambrils.com\/ca\/wp-json\/wp\/v2\/comments?post=14778"}],"version-history":[{"count":3,"href":"https:\/\/cyclingcambrils.com\/ca\/wp-json\/wp\/v2\/posts\/14778\/revisions"}],"predecessor-version":[{"id":14832,"href":"https:\/\/cyclingcambrils.com\/ca\/wp-json\/wp\/v2\/posts\/14778\/revisions\/14832"}],"wp:featuredmedia":[{"embeddable":true,"href":"https:\/\/cyclingcambrils.com\/ca\/wp-json\/wp\/v2\/media\/14797"}],"wp:attachment":[{"href":"https:\/\/cyclingcambrils.com\/ca\/wp-json\/wp\/v2\/media?parent=14778"}],"wp:term":[{"taxonomy":"category","embeddable":true,"href":"https:\/\/cyclingcambrils.com\/ca\/wp-json\/wp\/v2\/categories?post=14778"},{"taxonomy":"post_tag","embeddable":true,"href":"https:\/\/cyclingcambrils.com\/ca\/wp-json\/wp\/v2\/tags?post=14778"}],"curies":[{"name":"wp","href":"https:\/\/api.w.org\/{rel}","templated":true}]}}