{"id":15558,"date":"2026-04-28T16:36:35","date_gmt":"2026-04-28T16:36:35","guid":{"rendered":"https:\/\/cyclingcambrils.com\/la-cambrils-btt-origens-i-la-bioracer-cambrils-road-resumeixen-el-millor-del-territori\/"},"modified":"2026-04-28T16:36:35","modified_gmt":"2026-04-28T16:36:35","slug":"la-cambrils-btt-origens-i-la-bioracer-cambrils-road-resumeixen-el-millor-del-territori","status":"publish","type":"post","link":"https:\/\/cyclingcambrils.com\/ca\/la-cambrils-btt-origens-i-la-bioracer-cambrils-road-resumeixen-el-millor-del-territori\/","title":{"rendered":"La Cambrils BTT Or\u00edgens i la Bioracer Cambrils Road resumeixen el millor del territori"},"content":{"rendered":"<p>El temps ha situat Cambrils com a destinaci\u00f3 de refer\u00e8ncia per als amants del ciclisme gr\u00e0cies a una combinaci\u00f3 privilegiada de factors geogr\u00e0fics i clim\u00e0tics que permeten gaudir de l&#8217;esport durant tot l&#8217;any.<\/p>\n<p>Empla\u00e7ada al cor de la Costa Daurada, la localitat ofereix un escenari excepcional on <strong>el mar i la muntanya es barregen a pocs quil\u00f2metres de dist\u00e0ncia<\/strong> , permetent rutes que transcorren per paisatges plans i ascensos desafiadors cap a les serres interiors.<\/p>\n<p><img decoding=\"async\" class=\"lazyload size-full wp-image-15373 aligncenter\" src=\"https:\/\/cyclingcambrils.com\/wp-content\/uploads\/2026\/02\/cambribike-BTT-.jpg\" data-orig-src=\"https:\/\/cyclingcambrils.com\/wp-content\/uploads\/2026\/02\/cambribike-BTT-.jpg\" alt=\"\" width=\"900\" height=\"600\" srcset=\"data:image\/svg+xml,%3Csvg%20xmlns%3D%27http%3A%2F%2Fwww.w3.org%2F2000%2Fsvg%27%20width%3D%27900%27%20height%3D%27600%27%20viewBox%3D%270%200%20900%20600%27%3E%3Crect%20width%3D%27900%27%20height%3D%27600%27%20fill-opacity%3D%220%22%2F%3E%3C%2Fsvg%3E\" data-srcset=\"https:\/\/cyclingcambrils.com\/wp-content\/uploads\/2026\/02\/cambribike-BTT--200x133.jpg 200w, https:\/\/cyclingcambrils.com\/wp-content\/uploads\/2026\/02\/cambribike-BTT--300x200.jpg 300w, https:\/\/cyclingcambrils.com\/wp-content\/uploads\/2026\/02\/cambribike-BTT--400x267.jpg 400w, https:\/\/cyclingcambrils.com\/wp-content\/uploads\/2026\/02\/cambribike-BTT--600x400.jpg 600w, https:\/\/cyclingcambrils.com\/wp-content\/uploads\/2026\/02\/cambribike-BTT--768x512.jpg 768w, https:\/\/cyclingcambrils.com\/wp-content\/uploads\/2026\/02\/cambribike-BTT--800x533.jpg 800w, https:\/\/cyclingcambrils.com\/wp-content\/uploads\/2026\/02\/cambribike-BTT-.jpg 900w\" data-sizes=\"auto\" data-orig-sizes=\"(max-width: 900px) 100vw, 900px\" \/><\/p>\n<h3>Aix\u00ed es crea la Cambrils BTT Or\u00edgens<\/h3>\n<p>Aquesta dualitat es reflecteix perfectament en la proposta de Cambrils BTT Or\u00edgens, un nom que busca <strong>reivindicar les arrels rurals del municipi i el seu entorn d&#8217;agricultura i camins amb hist\u00f2ria<\/strong> .<\/p>\n<p>&#8220;Un nom que posa en valor el que \u00e9s Cambrils, aquest entorn de pagesos, vinyes i oliveres, un record de la nostra autenticitat&#8221; diu Joan Carbonell, responsable de Naturetime Events, organitzadora de la sortida.<\/p>\n<p>L&#8217;orografia de la zona permet oferir <strong>recorreguts per a tots els perfils<\/strong> , des de fam\u00edlies fins a ciclistes m\u00e9s experts que busquen el m\u00e0xim rendiment.<\/p>\n<p>S\u00f3n quatre versions: Els circuits de 22 i 35 quil\u00f2metres estan pensats per a aquells que volen una experi\u00e8ncia m\u00e9s accessible; el primer amb un car\u00e0cter marcadament familiar i el segon estenent-se fins a Vilanova d&#8217;Escornalbou per oferir un recorregut m\u00e9s llarg sense una exig\u00e8ncia t\u00e8cnica exagerada.<\/p>\n<p>Per als m\u00e9s aventurers, les dist\u00e0ncies de 47 i 55 quil\u00f2metres s&#8217;endinsen en el desnivell de la serra de Llaberia i els contraforts del Baix Camp, introduint com a element diferenciador les cronoescalades.<\/p>\n<p><strong>Aquests trams cronometrats individualment permeten als corredors competir contra el rellotge<\/strong> en sectors de pujada concrets, amb entrega de premis per a BTT muscular, el\u00e8ctriques i de gravel.<\/p>\n<p>\u201cPots fer-ho al teu ritme o competir\u201d distingeix Joan.<\/p>\n<p><img decoding=\"async\" class=\"lazyload size-full wp-image-15379 aligncenter\" src=\"https:\/\/cyclingcambrils.com\/wp-content\/uploads\/2026\/02\/Cambribike-Bioracer-road.jpg\" data-orig-src=\"https:\/\/cyclingcambrils.com\/wp-content\/uploads\/2026\/02\/Cambribike-Bioracer-road.jpg\" alt=\"\" width=\"900\" height=\"600\" srcset=\"data:image\/svg+xml,%3Csvg%20xmlns%3D%27http%3A%2F%2Fwww.w3.org%2F2000%2Fsvg%27%20width%3D%27900%27%20height%3D%27600%27%20viewBox%3D%270%200%20900%20600%27%3E%3Crect%20width%3D%27900%27%20height%3D%27600%27%20fill-opacity%3D%220%22%2F%3E%3C%2Fsvg%3E\" data-srcset=\"https:\/\/cyclingcambrils.com\/wp-content\/uploads\/2026\/02\/Cambribike-Bioracer-road-200x133.jpg 200w, https:\/\/cyclingcambrils.com\/wp-content\/uploads\/2026\/02\/Cambribike-Bioracer-road-300x200.jpg 300w, https:\/\/cyclingcambrils.com\/wp-content\/uploads\/2026\/02\/Cambribike-Bioracer-road-400x267.jpg 400w, https:\/\/cyclingcambrils.com\/wp-content\/uploads\/2026\/02\/Cambribike-Bioracer-road-600x400.jpg 600w, https:\/\/cyclingcambrils.com\/wp-content\/uploads\/2026\/02\/Cambribike-Bioracer-road-768x512.jpg 768w, https:\/\/cyclingcambrils.com\/wp-content\/uploads\/2026\/02\/Cambribike-Bioracer-road-800x533.jpg 800w, https:\/\/cyclingcambrils.com\/wp-content\/uploads\/2026\/02\/Cambribike-Bioracer-road.jpg 900w\" data-sizes=\"auto\" data-orig-sizes=\"(max-width: 900px) 100vw, 900px\" \/><\/p>\n<h3>La versi\u00f3 de carretera: Bioracer Cambrils Road<\/h3>\n<p>Pel que fa al ciclisme de carretera, la Bioracer Cambrils Road proposa <strong>una immersi\u00f3 al paisatge del Priorat<\/strong> a trav\u00e9s de rutes de 85 i 125 quil\u00f2metres.<\/p>\n<p>&#8220;Les dues dist\u00e0ncies pel Baix Camp i el Priorat sud combinen carreteres de poc tr\u00e0nsit amb grans paisatges amb el puntet d&#8217;exigir-se en alguna pujada&#8221; ens diu Joan.<\/p>\n<p>Aquestes rutes destaquen per transc\u00f3rrer per carreteres molt tranquil\u00b7les i <strong>un entorn de gran bellesa visual que inclou el pas per Escaladei i la Morera de Montsant<\/strong> .<\/p>\n<p>El repte estrella per als ciclistes de fons \u00e9s l&#8217;ascens al No Plores Nen, un sector emblem\u00e0tic que defineix la duresa i l&#8217;atractiu d&#8217;aquesta zona des de Torroja de Priorat a la Morera.<\/p>\n<p>Tot el recorregut es realitza sota <strong>una filosofia de marxa tranquil\u00b7la i segura, amb una c\u00e0psula de seguretat del Servei Catal\u00e0 de Tr\u00e0nsit<\/strong> , evitant les grans massificacions per garantir una experi\u00e8ncia propera i de qualitat per a cada participant.<\/p>\n<p><img decoding=\"async\" class=\"lazyload size-full wp-image-15448 aligncenter\" src=\"https:\/\/cyclingcambrils.com\/wp-content\/uploads\/2026\/03\/En-este-entorno-inmejorable-vuelve-la-Bioracer-Cambrils-Road-una-cita-marcada-en-el-calendario-para-el-domingo-24-de-mayo.jpg\" data-orig-src=\"https:\/\/cyclingcambrils.com\/wp-content\/uploads\/2026\/03\/En-este-entorno-inmejorable-vuelve-la-Bioracer-Cambrils-Road-una-cita-marcada-en-el-calendario-para-el-domingo-24-de-mayo.jpg\" alt=\"\" width=\"900\" height=\"600\" srcset=\"data:image\/svg+xml,%3Csvg%20xmlns%3D%27http%3A%2F%2Fwww.w3.org%2F2000%2Fsvg%27%20width%3D%27900%27%20height%3D%27600%27%20viewBox%3D%270%200%20900%20600%27%3E%3Crect%20width%3D%27900%27%20height%3D%27600%27%20fill-opacity%3D%220%22%2F%3E%3C%2Fsvg%3E\" data-srcset=\"https:\/\/cyclingcambrils.com\/wp-content\/uploads\/2026\/03\/En-este-entorno-inmejorable-vuelve-la-Bioracer-Cambrils-Road-una-cita-marcada-en-el-calendario-para-el-domingo-24-de-mayo-200x133.jpg 200w, https:\/\/cyclingcambrils.com\/wp-content\/uploads\/2026\/03\/En-este-entorno-inmejorable-vuelve-la-Bioracer-Cambrils-Road-una-cita-marcada-en-el-calendario-para-el-domingo-24-de-mayo-300x200.jpg 300w, https:\/\/cyclingcambrils.com\/wp-content\/uploads\/2026\/03\/En-este-entorno-inmejorable-vuelve-la-Bioracer-Cambrils-Road-una-cita-marcada-en-el-calendario-para-el-domingo-24-de-mayo-400x267.jpg 400w, https:\/\/cyclingcambrils.com\/wp-content\/uploads\/2026\/03\/En-este-entorno-inmejorable-vuelve-la-Bioracer-Cambrils-Road-una-cita-marcada-en-el-calendario-para-el-domingo-24-de-mayo-600x400.jpg 600w, https:\/\/cyclingcambrils.com\/wp-content\/uploads\/2026\/03\/En-este-entorno-inmejorable-vuelve-la-Bioracer-Cambrils-Road-una-cita-marcada-en-el-calendario-para-el-domingo-24-de-mayo-768x512.jpg 768w, https:\/\/cyclingcambrils.com\/wp-content\/uploads\/2026\/03\/En-este-entorno-inmejorable-vuelve-la-Bioracer-Cambrils-Road-una-cita-marcada-en-el-calendario-para-el-domingo-24-de-mayo-800x533.jpg 800w, https:\/\/cyclingcambrils.com\/wp-content\/uploads\/2026\/03\/En-este-entorno-inmejorable-vuelve-la-Bioracer-Cambrils-Road-una-cita-marcada-en-el-calendario-para-el-domingo-24-de-mayo.jpg 900w\" data-sizes=\"auto\" data-orig-sizes=\"(max-width: 900px) 100vw, 900px\" \/><\/p>\n<h3>Marxa ciclista amb &#8220;gust de mar&#8221;<\/h3>\n<p>L&#8217;experi\u00e8ncia a Cambrils no seria completa sense fer refer\u00e8ncia a la seva excel\u00b7l\u00e8ncia gastron\u00f2mica, que esdev\u00e9 el millor premi despr\u00e9s de l&#8217;esfor\u00e7 f\u00edsic.<\/p>\n<p>L&#8217;esdeveniment es defineix com una marxa amb gust de mar, ja que en arribar a la meta els ciclistes poden gaudir d&#8217; <strong>un plat t\u00edpic de la cuina local, com ara fideus rossejats o fideu\u00e0, permetent degustar l&#8217;ess\u00e8ncia culin\u00e0ria del lloc<\/strong> .<\/p>\n<p>Aquesta combinaci\u00f3 de rutes exigents, paisatges agr\u00edcoles aut\u00e8ntics i una oferta cultural i gastron\u00f2mica de primer nivell es d\u00f3na cita, recordeu a l&#8217;entorn de la Cambribike.<\/p>\n<h3>Inscripcions obertes<\/h3>\n<p><a href=\"https:\/\/www.naturetime.es\/cambribike\/\" target=\"_blank\" rel=\"noopener\">Cambrils BTT Or\u00edgens<\/a> &#8211; 23 de maig<\/p>\n<p><a href=\"https:\/\/www.naturetime.es\/marcha-cicloturismo-cambrils\/\">Bioracer Cambrils Road<\/a> &#8211; 24 de maig<\/p>\n<p>&nbsp;<\/p>\n","protected":false},"excerpt":{"rendered":"<p>El temps ha situat Cambrils com a destinaci\u00f3 de refer\u00e8ncia  &#8230;<\/p>\n","protected":false},"author":22,"featured_media":15461,"comment_status":"open","ping_status":"open","sticky":false,"template":"","format":"standard","meta":{"_acf_changed":false,"footnotes":""},"categories":[86],"tags":[320],"class_list":["post-15558","post","type-post","status-publish","format-standard","has-post-thumbnail","hentry","category-blog-ca","tag-cambribike-ca"],"acf":[],"yoast_head":"<!-- This site is optimized with the Yoast SEO plugin v27.4 - https:\/\/yoast.com\/product\/yoast-seo-wordpress\/ -->\n<title>La Cambrils BTT Or\u00edgens i la Bioracer Cambrils Road resumeixen el millor del territori - Cambrils Cycling Paradise<\/title>\n<meta name=\"robots\" content=\"index, follow, max-snippet:-1, max-image-preview:large, max-video-preview:-1\" \/>\n<link rel=\"canonical\" href=\"https:\/\/cyclingcambrils.com\/ca\/la-cambrils-btt-origens-i-la-bioracer-cambrils-road-resumeixen-el-millor-del-territori\/\" \/>\n<meta property=\"og:locale\" content=\"ca_ES\" \/>\n<meta property=\"og:type\" content=\"article\" \/>\n<meta property=\"og:title\" content=\"La Cambrils BTT Or\u00edgens i la Bioracer Cambrils Road resumeixen el millor del territori - Cambrils Cycling Paradise\" \/>\n<meta property=\"og:description\" content=\"El temps ha situat Cambrils com a destinaci\u00f3 de refer\u00e8ncia ...\" \/>\n<meta property=\"og:url\" content=\"https:\/\/cyclingcambrils.com\/ca\/la-cambrils-btt-origens-i-la-bioracer-cambrils-road-resumeixen-el-millor-del-territori\/\" \/>\n<meta property=\"og:site_name\" content=\"Cambrils Cycling Paradise\" \/>\n<meta property=\"article:publisher\" content=\"https:\/\/www.facebook.com\/CambrilsTurisme\/\" \/>\n<meta property=\"article:published_time\" content=\"2026-04-28T16:36:35+00:00\" \/>\n<meta property=\"og:image\" content=\"https:\/\/cyclingcambrils.com\/wp-content\/uploads\/2026\/03\/En-este-entorno-inmejorable-vuelve-la-Bioracer-Cambrils-Road-una-cita-marcada-en-el-calendario-para-el-domingo-24-de-mayo-2.jpg\" \/>\n\t<meta property=\"og:image:width\" content=\"900\" \/>\n\t<meta property=\"og:image:height\" content=\"600\" \/>\n\t<meta property=\"og:image:type\" content=\"image\/jpeg\" \/>\n<meta name=\"author\" content=\"iban\" \/>\n<meta name=\"twitter:card\" content=\"summary_large_image\" \/>\n<meta name=\"twitter:label1\" content=\"Escrit per\" \/>\n\t<meta name=\"twitter:data1\" content=\"iban\" \/>\n\t<meta name=\"twitter:label2\" content=\"Temps estimat de lectura\" \/>\n\t<meta name=\"twitter:data2\" content=\"3 minuts\" \/>\n<script type=\"application\/ld+json\" class=\"yoast-schema-graph\">{\"@context\":\"https:\\\/\\\/schema.org\",\"@graph\":[{\"@type\":\"Article\",\"@id\":\"https:\\\/\\\/cyclingcambrils.com\\\/ca\\\/la-cambrils-btt-origens-i-la-bioracer-cambrils-road-resumeixen-el-millor-del-territori\\\/#article\",\"isPartOf\":{\"@id\":\"https:\\\/\\\/cyclingcambrils.com\\\/ca\\\/la-cambrils-btt-origens-i-la-bioracer-cambrils-road-resumeixen-el-millor-del-territori\\\/\"},\"author\":{\"name\":\"iban\",\"@id\":\"https:\\\/\\\/cyclingcambrils.com\\\/ca\\\/#\\\/schema\\\/person\\\/6e4f10916c8dd5c49acb64e671bdf0a8\"},\"headline\":\"La Cambrils BTT Or\u00edgens i la Bioracer Cambrils Road resumeixen el millor del territori\",\"datePublished\":\"2026-04-28T16:36:35+00:00\",\"mainEntityOfPage\":{\"@id\":\"https:\\\/\\\/cyclingcambrils.com\\\/ca\\\/la-cambrils-btt-origens-i-la-bioracer-cambrils-road-resumeixen-el-millor-del-territori\\\/\"},\"wordCount\":635,\"commentCount\":0,\"publisher\":{\"@id\":\"https:\\\/\\\/cyclingcambrils.com\\\/ca\\\/#organization\"},\"image\":{\"@id\":\"https:\\\/\\\/cyclingcambrils.com\\\/ca\\\/la-cambrils-btt-origens-i-la-bioracer-cambrils-road-resumeixen-el-millor-del-territori\\\/#primaryimage\"},\"thumbnailUrl\":\"https:\\\/\\\/cyclingcambrils.com\\\/wp-content\\\/uploads\\\/2026\\\/03\\\/En-este-entorno-inmejorable-vuelve-la-Bioracer-Cambrils-Road-una-cita-marcada-en-el-calendario-para-el-domingo-24-de-mayo-2.jpg\",\"keywords\":[\"Cambribike\"],\"articleSection\":[\"Blog\"],\"inLanguage\":\"ca\",\"potentialAction\":[{\"@type\":\"CommentAction\",\"name\":\"Comment\",\"target\":[\"https:\\\/\\\/cyclingcambrils.com\\\/ca\\\/la-cambrils-btt-origens-i-la-bioracer-cambrils-road-resumeixen-el-millor-del-territori\\\/#respond\"]}]},{\"@type\":\"WebPage\",\"@id\":\"https:\\\/\\\/cyclingcambrils.com\\\/ca\\\/la-cambrils-btt-origens-i-la-bioracer-cambrils-road-resumeixen-el-millor-del-territori\\\/\",\"url\":\"https:\\\/\\\/cyclingcambrils.com\\\/ca\\\/la-cambrils-btt-origens-i-la-bioracer-cambrils-road-resumeixen-el-millor-del-territori\\\/\",\"name\":\"La Cambrils BTT Or\u00edgens i la Bioracer Cambrils Road resumeixen el millor del territori - Cambrils Cycling Paradise\",\"isPartOf\":{\"@id\":\"https:\\\/\\\/cyclingcambrils.com\\\/ca\\\/#website\"},\"primaryImageOfPage\":{\"@id\":\"https:\\\/\\\/cyclingcambrils.com\\\/ca\\\/la-cambrils-btt-origens-i-la-bioracer-cambrils-road-resumeixen-el-millor-del-territori\\\/#primaryimage\"},\"image\":{\"@id\":\"https:\\\/\\\/cyclingcambrils.com\\\/ca\\\/la-cambrils-btt-origens-i-la-bioracer-cambrils-road-resumeixen-el-millor-del-territori\\\/#primaryimage\"},\"thumbnailUrl\":\"https:\\\/\\\/cyclingcambrils.com\\\/wp-content\\\/uploads\\\/2026\\\/03\\\/En-este-entorno-inmejorable-vuelve-la-Bioracer-Cambrils-Road-una-cita-marcada-en-el-calendario-para-el-domingo-24-de-mayo-2.jpg\",\"datePublished\":\"2026-04-28T16:36:35+00:00\",\"breadcrumb\":{\"@id\":\"https:\\\/\\\/cyclingcambrils.com\\\/ca\\\/la-cambrils-btt-origens-i-la-bioracer-cambrils-road-resumeixen-el-millor-del-territori\\\/#breadcrumb\"},\"inLanguage\":\"ca\",\"potentialAction\":[{\"@type\":\"ReadAction\",\"target\":[\"https:\\\/\\\/cyclingcambrils.com\\\/ca\\\/la-cambrils-btt-origens-i-la-bioracer-cambrils-road-resumeixen-el-millor-del-territori\\\/\"]}]},{\"@type\":\"ImageObject\",\"inLanguage\":\"ca\",\"@id\":\"https:\\\/\\\/cyclingcambrils.com\\\/ca\\\/la-cambrils-btt-origens-i-la-bioracer-cambrils-road-resumeixen-el-millor-del-territori\\\/#primaryimage\",\"url\":\"https:\\\/\\\/cyclingcambrils.com\\\/wp-content\\\/uploads\\\/2026\\\/03\\\/En-este-entorno-inmejorable-vuelve-la-Bioracer-Cambrils-Road-una-cita-marcada-en-el-calendario-para-el-domingo-24-de-mayo-2.jpg\",\"contentUrl\":\"https:\\\/\\\/cyclingcambrils.com\\\/wp-content\\\/uploads\\\/2026\\\/03\\\/En-este-entorno-inmejorable-vuelve-la-Bioracer-Cambrils-Road-una-cita-marcada-en-el-calendario-para-el-domingo-24-de-mayo-2.jpg\",\"width\":900,\"height\":600},{\"@type\":\"BreadcrumbList\",\"@id\":\"https:\\\/\\\/cyclingcambrils.com\\\/ca\\\/la-cambrils-btt-origens-i-la-bioracer-cambrils-road-resumeixen-el-millor-del-territori\\\/#breadcrumb\",\"itemListElement\":[{\"@type\":\"ListItem\",\"position\":1,\"name\":\"Portada\",\"item\":\"https:\\\/\\\/cyclingcambrils.com\\\/ca\\\/\"},{\"@type\":\"ListItem\",\"position\":2,\"name\":\"La Cambrils BTT Or\u00edgens i la Bioracer Cambrils Road resumeixen el millor del territori\"}]},{\"@type\":\"WebSite\",\"@id\":\"https:\\\/\\\/cyclingcambrils.com\\\/ca\\\/#website\",\"url\":\"https:\\\/\\\/cyclingcambrils.com\\\/ca\\\/\",\"name\":\"Cambrils Cycling Paradise\",\"description\":\"Descubre el para\u00edso del ciclista\",\"publisher\":{\"@id\":\"https:\\\/\\\/cyclingcambrils.com\\\/ca\\\/#organization\"},\"potentialAction\":[{\"@type\":\"SearchAction\",\"target\":{\"@type\":\"EntryPoint\",\"urlTemplate\":\"https:\\\/\\\/cyclingcambrils.com\\\/ca\\\/?s={search_term_string}\"},\"query-input\":{\"@type\":\"PropertyValueSpecification\",\"valueRequired\":true,\"valueName\":\"search_term_string\"}}],\"inLanguage\":\"ca\"},{\"@type\":\"Organization\",\"@id\":\"https:\\\/\\\/cyclingcambrils.com\\\/ca\\\/#organization\",\"name\":\"Cambrils Cycling Paradise\",\"url\":\"https:\\\/\\\/cyclingcambrils.com\\\/ca\\\/\",\"logo\":{\"@type\":\"ImageObject\",\"inLanguage\":\"ca\",\"@id\":\"https:\\\/\\\/cyclingcambrils.com\\\/ca\\\/#\\\/schema\\\/logo\\\/image\\\/\",\"url\":\"https:\\\/\\\/cyclingcambrils.com\\\/wp-content\\\/uploads\\\/2023\\\/04\\\/logo-cambrils-cycling-paradise.png\",\"contentUrl\":\"https:\\\/\\\/cyclingcambrils.com\\\/wp-content\\\/uploads\\\/2023\\\/04\\\/logo-cambrils-cycling-paradise.png\",\"width\":600,\"height\":196,\"caption\":\"Cambrils Cycling Paradise\"},\"image\":{\"@id\":\"https:\\\/\\\/cyclingcambrils.com\\\/ca\\\/#\\\/schema\\\/logo\\\/image\\\/\"},\"sameAs\":[\"https:\\\/\\\/www.facebook.com\\\/CambrilsTurisme\\\/\",\"https:\\\/\\\/www.instagram.com\\\/cambrilsturisme\"]},{\"@type\":\"Person\",\"@id\":\"https:\\\/\\\/cyclingcambrils.com\\\/ca\\\/#\\\/schema\\\/person\\\/6e4f10916c8dd5c49acb64e671bdf0a8\",\"name\":\"iban\",\"image\":{\"@type\":\"ImageObject\",\"inLanguage\":\"ca\",\"@id\":\"https:\\\/\\\/secure.gravatar.com\\\/avatar\\\/999f97df4560c00ff8bc15fa4f3d885bacdd4c58a1377c629714dac8f319a383?s=96&d=mm&r=g\",\"url\":\"https:\\\/\\\/secure.gravatar.com\\\/avatar\\\/999f97df4560c00ff8bc15fa4f3d885bacdd4c58a1377c629714dac8f319a383?s=96&d=mm&r=g\",\"contentUrl\":\"https:\\\/\\\/secure.gravatar.com\\\/avatar\\\/999f97df4560c00ff8bc15fa4f3d885bacdd4c58a1377c629714dac8f319a383?s=96&d=mm&r=g\",\"caption\":\"iban\"},\"url\":\"https:\\\/\\\/cyclingcambrils.com\\\/ca\\\/author\\\/iban\\\/\"}]}<\/script>\n<!-- \/ Yoast SEO plugin. -->","yoast_head_json":{"title":"La Cambrils BTT Or\u00edgens i la Bioracer Cambrils Road resumeixen el millor del territori - Cambrils Cycling Paradise","robots":{"index":"index","follow":"follow","max-snippet":"max-snippet:-1","max-image-preview":"max-image-preview:large","max-video-preview":"max-video-preview:-1"},"canonical":"https:\/\/cyclingcambrils.com\/ca\/la-cambrils-btt-origens-i-la-bioracer-cambrils-road-resumeixen-el-millor-del-territori\/","og_locale":"ca_ES","og_type":"article","og_title":"La Cambrils BTT Or\u00edgens i la Bioracer Cambrils Road resumeixen el millor del territori - Cambrils Cycling Paradise","og_description":"El temps ha situat Cambrils com a destinaci\u00f3 de refer\u00e8ncia ...","og_url":"https:\/\/cyclingcambrils.com\/ca\/la-cambrils-btt-origens-i-la-bioracer-cambrils-road-resumeixen-el-millor-del-territori\/","og_site_name":"Cambrils Cycling Paradise","article_publisher":"https:\/\/www.facebook.com\/CambrilsTurisme\/","article_published_time":"2026-04-28T16:36:35+00:00","og_image":[{"width":900,"height":600,"url":"https:\/\/cyclingcambrils.com\/wp-content\/uploads\/2026\/03\/En-este-entorno-inmejorable-vuelve-la-Bioracer-Cambrils-Road-una-cita-marcada-en-el-calendario-para-el-domingo-24-de-mayo-2.jpg","type":"image\/jpeg"}],"author":"iban","twitter_card":"summary_large_image","twitter_misc":{"Escrit per":"iban","Temps estimat de lectura":"3 minuts"},"schema":{"@context":"https:\/\/schema.org","@graph":[{"@type":"Article","@id":"https:\/\/cyclingcambrils.com\/ca\/la-cambrils-btt-origens-i-la-bioracer-cambrils-road-resumeixen-el-millor-del-territori\/#article","isPartOf":{"@id":"https:\/\/cyclingcambrils.com\/ca\/la-cambrils-btt-origens-i-la-bioracer-cambrils-road-resumeixen-el-millor-del-territori\/"},"author":{"name":"iban","@id":"https:\/\/cyclingcambrils.com\/ca\/#\/schema\/person\/6e4f10916c8dd5c49acb64e671bdf0a8"},"headline":"La Cambrils BTT Or\u00edgens i la Bioracer Cambrils Road resumeixen el millor del territori","datePublished":"2026-04-28T16:36:35+00:00","mainEntityOfPage":{"@id":"https:\/\/cyclingcambrils.com\/ca\/la-cambrils-btt-origens-i-la-bioracer-cambrils-road-resumeixen-el-millor-del-territori\/"},"wordCount":635,"commentCount":0,"publisher":{"@id":"https:\/\/cyclingcambrils.com\/ca\/#organization"},"image":{"@id":"https:\/\/cyclingcambrils.com\/ca\/la-cambrils-btt-origens-i-la-bioracer-cambrils-road-resumeixen-el-millor-del-territori\/#primaryimage"},"thumbnailUrl":"https:\/\/cyclingcambrils.com\/wp-content\/uploads\/2026\/03\/En-este-entorno-inmejorable-vuelve-la-Bioracer-Cambrils-Road-una-cita-marcada-en-el-calendario-para-el-domingo-24-de-mayo-2.jpg","keywords":["Cambribike"],"articleSection":["Blog"],"inLanguage":"ca","potentialAction":[{"@type":"CommentAction","name":"Comment","target":["https:\/\/cyclingcambrils.com\/ca\/la-cambrils-btt-origens-i-la-bioracer-cambrils-road-resumeixen-el-millor-del-territori\/#respond"]}]},{"@type":"WebPage","@id":"https:\/\/cyclingcambrils.com\/ca\/la-cambrils-btt-origens-i-la-bioracer-cambrils-road-resumeixen-el-millor-del-territori\/","url":"https:\/\/cyclingcambrils.com\/ca\/la-cambrils-btt-origens-i-la-bioracer-cambrils-road-resumeixen-el-millor-del-territori\/","name":"La Cambrils BTT Or\u00edgens i la Bioracer Cambrils Road resumeixen el millor del territori - Cambrils Cycling Paradise","isPartOf":{"@id":"https:\/\/cyclingcambrils.com\/ca\/#website"},"primaryImageOfPage":{"@id":"https:\/\/cyclingcambrils.com\/ca\/la-cambrils-btt-origens-i-la-bioracer-cambrils-road-resumeixen-el-millor-del-territori\/#primaryimage"},"image":{"@id":"https:\/\/cyclingcambrils.com\/ca\/la-cambrils-btt-origens-i-la-bioracer-cambrils-road-resumeixen-el-millor-del-territori\/#primaryimage"},"thumbnailUrl":"https:\/\/cyclingcambrils.com\/wp-content\/uploads\/2026\/03\/En-este-entorno-inmejorable-vuelve-la-Bioracer-Cambrils-Road-una-cita-marcada-en-el-calendario-para-el-domingo-24-de-mayo-2.jpg","datePublished":"2026-04-28T16:36:35+00:00","breadcrumb":{"@id":"https:\/\/cyclingcambrils.com\/ca\/la-cambrils-btt-origens-i-la-bioracer-cambrils-road-resumeixen-el-millor-del-territori\/#breadcrumb"},"inLanguage":"ca","potentialAction":[{"@type":"ReadAction","target":["https:\/\/cyclingcambrils.com\/ca\/la-cambrils-btt-origens-i-la-bioracer-cambrils-road-resumeixen-el-millor-del-territori\/"]}]},{"@type":"ImageObject","inLanguage":"ca","@id":"https:\/\/cyclingcambrils.com\/ca\/la-cambrils-btt-origens-i-la-bioracer-cambrils-road-resumeixen-el-millor-del-territori\/#primaryimage","url":"https:\/\/cyclingcambrils.com\/wp-content\/uploads\/2026\/03\/En-este-entorno-inmejorable-vuelve-la-Bioracer-Cambrils-Road-una-cita-marcada-en-el-calendario-para-el-domingo-24-de-mayo-2.jpg","contentUrl":"https:\/\/cyclingcambrils.com\/wp-content\/uploads\/2026\/03\/En-este-entorno-inmejorable-vuelve-la-Bioracer-Cambrils-Road-una-cita-marcada-en-el-calendario-para-el-domingo-24-de-mayo-2.jpg","width":900,"height":600},{"@type":"BreadcrumbList","@id":"https:\/\/cyclingcambrils.com\/ca\/la-cambrils-btt-origens-i-la-bioracer-cambrils-road-resumeixen-el-millor-del-territori\/#breadcrumb","itemListElement":[{"@type":"ListItem","position":1,"name":"Portada","item":"https:\/\/cyclingcambrils.com\/ca\/"},{"@type":"ListItem","position":2,"name":"La Cambrils BTT Or\u00edgens i la Bioracer Cambrils Road resumeixen el millor del territori"}]},{"@type":"WebSite","@id":"https:\/\/cyclingcambrils.com\/ca\/#website","url":"https:\/\/cyclingcambrils.com\/ca\/","name":"Cambrils Cycling Paradise","description":"Descubre el para\u00edso del ciclista","publisher":{"@id":"https:\/\/cyclingcambrils.com\/ca\/#organization"},"potentialAction":[{"@type":"SearchAction","target":{"@type":"EntryPoint","urlTemplate":"https:\/\/cyclingcambrils.com\/ca\/?s={search_term_string}"},"query-input":{"@type":"PropertyValueSpecification","valueRequired":true,"valueName":"search_term_string"}}],"inLanguage":"ca"},{"@type":"Organization","@id":"https:\/\/cyclingcambrils.com\/ca\/#organization","name":"Cambrils Cycling Paradise","url":"https:\/\/cyclingcambrils.com\/ca\/","logo":{"@type":"ImageObject","inLanguage":"ca","@id":"https:\/\/cyclingcambrils.com\/ca\/#\/schema\/logo\/image\/","url":"https:\/\/cyclingcambrils.com\/wp-content\/uploads\/2023\/04\/logo-cambrils-cycling-paradise.png","contentUrl":"https:\/\/cyclingcambrils.com\/wp-content\/uploads\/2023\/04\/logo-cambrils-cycling-paradise.png","width":600,"height":196,"caption":"Cambrils Cycling Paradise"},"image":{"@id":"https:\/\/cyclingcambrils.com\/ca\/#\/schema\/logo\/image\/"},"sameAs":["https:\/\/www.facebook.com\/CambrilsTurisme\/","https:\/\/www.instagram.com\/cambrilsturisme"]},{"@type":"Person","@id":"https:\/\/cyclingcambrils.com\/ca\/#\/schema\/person\/6e4f10916c8dd5c49acb64e671bdf0a8","name":"iban","image":{"@type":"ImageObject","inLanguage":"ca","@id":"https:\/\/secure.gravatar.com\/avatar\/999f97df4560c00ff8bc15fa4f3d885bacdd4c58a1377c629714dac8f319a383?s=96&d=mm&r=g","url":"https:\/\/secure.gravatar.com\/avatar\/999f97df4560c00ff8bc15fa4f3d885bacdd4c58a1377c629714dac8f319a383?s=96&d=mm&r=g","contentUrl":"https:\/\/secure.gravatar.com\/avatar\/999f97df4560c00ff8bc15fa4f3d885bacdd4c58a1377c629714dac8f319a383?s=96&d=mm&r=g","caption":"iban"},"url":"https:\/\/cyclingcambrils.com\/ca\/author\/iban\/"}]}},"_links":{"self":[{"href":"https:\/\/cyclingcambrils.com\/ca\/wp-json\/wp\/v2\/posts\/15558","targetHints":{"allow":["GET"]}}],"collection":[{"href":"https:\/\/cyclingcambrils.com\/ca\/wp-json\/wp\/v2\/posts"}],"about":[{"href":"https:\/\/cyclingcambrils.com\/ca\/wp-json\/wp\/v2\/types\/post"}],"author":[{"embeddable":true,"href":"https:\/\/cyclingcambrils.com\/ca\/wp-json\/wp\/v2\/users\/22"}],"replies":[{"embeddable":true,"href":"https:\/\/cyclingcambrils.com\/ca\/wp-json\/wp\/v2\/comments?post=15558"}],"version-history":[{"count":0,"href":"https:\/\/cyclingcambrils.com\/ca\/wp-json\/wp\/v2\/posts\/15558\/revisions"}],"wp:featuredmedia":[{"embeddable":true,"href":"https:\/\/cyclingcambrils.com\/ca\/wp-json\/wp\/v2\/media\/15461"}],"wp:attachment":[{"href":"https:\/\/cyclingcambrils.com\/ca\/wp-json\/wp\/v2\/media?parent=15558"}],"wp:term":[{"taxonomy":"category","embeddable":true,"href":"https:\/\/cyclingcambrils.com\/ca\/wp-json\/wp\/v2\/categories?post=15558"},{"taxonomy":"post_tag","embeddable":true,"href":"https:\/\/cyclingcambrils.com\/ca\/wp-json\/wp\/v2\/tags?post=15558"}],"curies":[{"name":"wp","href":"https:\/\/api.w.org\/{rel}","templated":true}]}}