{"id":15476,"date":"2026-03-12T10:29:06","date_gmt":"2026-03-12T10:29:06","guid":{"rendered":"https:\/\/cyclingcambrils.com\/die-bioracer-cambrils-road-fuehrt-durch-den-schoensten-teil-der-gegend\/"},"modified":"2026-03-12T10:29:06","modified_gmt":"2026-03-12T10:29:06","slug":"die-bioracer-cambrils-road-fuehrt-durch-den-schoensten-teil-der-gegend","status":"publish","type":"post","link":"https:\/\/cyclingcambrils.com\/de\/die-bioracer-cambrils-road-fuehrt-durch-den-schoensten-teil-der-gegend\/","title":{"rendered":"Die Bioracer Cambrils Road f\u00fchrt durch den sch\u00f6nsten Teil der Gegend."},"content":{"rendered":"<p><strong>Die Essenz des Radsports in Cambrils wird im Bioracer Cambrils Road zusammengefasst.<\/strong><\/p>\n<p>Wenn Sie auf der Suche nach dem idealen Ort sind, um Kilometer auf Asphalt zur\u00fcckzulegen, pr\u00e4sentiert sich Cambrils als Epizentrum des Radsports an der Costa Daurada.<\/p>\n<p><strong>Seine strategische Lage, eingebettet zwischen dem Mittelmeer und gesch\u00fctzt durch die Berge im Landesinneren<\/strong> , bietet ein privilegiertes \u00d6kosystem, das es Ihnen erm\u00f6glicht, das ganze Jahr \u00fcber Rad zu fahren.<\/p>\n<p>Hier ist das Gel\u00e4nde ein Geschenk f\u00fcr die Beine, denn es erm\u00f6glicht Ihnen, innerhalb weniger Minuten von der Meeresbrise zu anspruchsvollen Bergp\u00e4ssen zu gelangen, und das alles unter einem Licht, wie es nur die K\u00fcste von Tarragona zu bieten hat.<\/p>\n<p><strong>In dieser unschlagbaren Kulisse kehrt der Bioracer Cambrils Road zur\u00fcck<\/strong> , ein Termin, der im Kalender f\u00fcr Sonntag, den 24. Mai, markiert ist.<\/p>\n<h3>Weit entfernt von Massenveranstaltungen setzt diese Veranstaltung auf ein familienfreundliches und famili\u00e4res Format und begrenzt die Teilnahme auf rund 700 Radfahrer, um Sicherheit und Vergn\u00fcgen zu gew\u00e4hrleisten.<\/h3>\n<p>Es ist ein Tag, der Ihnen das Gef\u00fchl f\u00fcr die Stra\u00dfe vermitteln soll, unterst\u00fctzt von einem Sicherheitsteam der Mossos d&#8217;Esquadra (katalanische Polizei) und Freiwilligen, die jede Kreuzung \u00fcberwachen, sodass Sie sich ganz auf das Radfahren konzentrieren k\u00f6nnen.<\/p>\n<p><img decoding=\"async\" class=\"lazyload size-full wp-image-15460 aligncenter\" src=\"https:\/\/cyclingcambrils.com\/wp-content\/uploads\/2026\/03\/En-este-entorno-inmejorable-vuelve-la-Bioracer-Cambrils-Road-una-cita-marcada-en-el-calendario-para-el-domingo-24-de-mayo-2.jpg\" data-orig-src=\"https:\/\/cyclingcambrils.com\/wp-content\/uploads\/2026\/03\/En-este-entorno-inmejorable-vuelve-la-Bioracer-Cambrils-Road-una-cita-marcada-en-el-calendario-para-el-domingo-24-de-mayo-2.jpg\" alt=\"\" width=\"900\" height=\"600\" srcset=\"data:image\/svg+xml,%3Csvg%20xmlns%3D%27http%3A%2F%2Fwww.w3.org%2F2000%2Fsvg%27%20width%3D%27900%27%20height%3D%27600%27%20viewBox%3D%270%200%20900%20600%27%3E%3Crect%20width%3D%27900%27%20height%3D%27600%27%20fill-opacity%3D%220%22%2F%3E%3C%2Fsvg%3E\" data-srcset=\"https:\/\/cyclingcambrils.com\/wp-content\/uploads\/2026\/03\/En-este-entorno-inmejorable-vuelve-la-Bioracer-Cambrils-Road-una-cita-marcada-en-el-calendario-para-el-domingo-24-de-mayo-2-200x133.jpg 200w, https:\/\/cyclingcambrils.com\/wp-content\/uploads\/2026\/03\/En-este-entorno-inmejorable-vuelve-la-Bioracer-Cambrils-Road-una-cita-marcada-en-el-calendario-para-el-domingo-24-de-mayo-2-300x200.jpg 300w, https:\/\/cyclingcambrils.com\/wp-content\/uploads\/2026\/03\/En-este-entorno-inmejorable-vuelve-la-Bioracer-Cambrils-Road-una-cita-marcada-en-el-calendario-para-el-domingo-24-de-mayo-2-400x267.jpg 400w, https:\/\/cyclingcambrils.com\/wp-content\/uploads\/2026\/03\/En-este-entorno-inmejorable-vuelve-la-Bioracer-Cambrils-Road-una-cita-marcada-en-el-calendario-para-el-domingo-24-de-mayo-2-600x400.jpg 600w, https:\/\/cyclingcambrils.com\/wp-content\/uploads\/2026\/03\/En-este-entorno-inmejorable-vuelve-la-Bioracer-Cambrils-Road-una-cita-marcada-en-el-calendario-para-el-domingo-24-de-mayo-2-768x512.jpg 768w, https:\/\/cyclingcambrils.com\/wp-content\/uploads\/2026\/03\/En-este-entorno-inmejorable-vuelve-la-Bioracer-Cambrils-Road-una-cita-marcada-en-el-calendario-para-el-domingo-24-de-mayo-2-800x533.jpg 800w, https:\/\/cyclingcambrils.com\/wp-content\/uploads\/2026\/03\/En-este-entorno-inmejorable-vuelve-la-Bioracer-Cambrils-Road-una-cita-marcada-en-el-calendario-para-el-domingo-24-de-mayo-2.jpg 900w\" data-sizes=\"auto\" data-orig-sizes=\"(max-width: 900px) 100vw, 900px\" \/><\/p>\n<h3>Zwei Herausforderungen zwischen dem Meer und Priorat<\/h3>\n<p>Die Veranstaltung bietet zwei Strecken an, die sich an Ihr Fitnesslevel und Ihre Ambitionen anpassen.<\/p>\n<p><strong>Die kurze, 85 Kilometer lange Strecke bietet eine ausgewogene Tour mit drei leichten Anstiegen<\/strong> und ist ideal f\u00fcr alle, die einen aktiven Vormittag ohne \u00dcberanstrengung suchen.<\/p>\n<p><strong>Die 125 Kilometer lange Variante hingegen f\u00fchrt mitten ins Herz von Priorat<\/strong> und f\u00fcgt eine zus\u00e4tzliche Schleife hinzu, was die Herausforderung erh\u00f6ht.<\/p>\n<p>Diese Route beinhaltet sechs Gebirgsp\u00e4sse, unter denen der gef\u00fcrchtete Abschnitt No ploris nen besonders hervorsticht, ein 11 Kilometer langer Anstieg mit abschlie\u00dfenden Rampen, die eine Steigung von bis zu 18 Prozent erreichen.<\/p>\n<p>Beide Routen verlaufen auf ruhigen Stra\u00dfen und durch Berglandschaften inmitten von W\u00e4ldern und bieten spektakul\u00e4re Ausblicke auf die K\u00fcste, wobei das Meer stets im Hintergrund zu sehen ist.<\/p>\n<p>Die Teilnahme an diesem Marsch, <strong>der in den Circuit Catal\u00e0 de Llarga Dist\u00e0ncia integriert ist<\/strong> , bedeutet auch, erstklassige Dienstleistungen zu genie\u00dfen.<\/p>\n<p>Vom hochwertigen Bioracer-Trikot bis zur Finisher-Medaille, die Ihre Leistung w\u00fcrdigt \u2013 alles ist darauf ausgelegt, dass sich der L\u00e4ufer wie ein Star f\u00fchlt.<\/p>\n<p><img decoding=\"async\" class=\"lazyload alignnone size-full wp-image-15466 aligncenter\" src=\"https:\/\/cyclingcambrils.com\/wp-content\/uploads\/2026\/03\/En-este-entorno-inmejorable-vuelve-la-Bioracer-Cambrils-Road-una-cita-marcada-en-el-calendario-para-el-domingo-24-de-mayo-3.jpg\" data-orig-src=\"https:\/\/cyclingcambrils.com\/wp-content\/uploads\/2026\/03\/En-este-entorno-inmejorable-vuelve-la-Bioracer-Cambrils-Road-una-cita-marcada-en-el-calendario-para-el-domingo-24-de-mayo-3.jpg\" alt=\"\" width=\"900\" height=\"598\" srcset=\"data:image\/svg+xml,%3Csvg%20xmlns%3D%27http%3A%2F%2Fwww.w3.org%2F2000%2Fsvg%27%20width%3D%27900%27%20height%3D%27598%27%20viewBox%3D%270%200%20900%20598%27%3E%3Crect%20width%3D%27900%27%20height%3D%27598%27%20fill-opacity%3D%220%22%2F%3E%3C%2Fsvg%3E\" data-srcset=\"https:\/\/cyclingcambrils.com\/wp-content\/uploads\/2026\/03\/En-este-entorno-inmejorable-vuelve-la-Bioracer-Cambrils-Road-una-cita-marcada-en-el-calendario-para-el-domingo-24-de-mayo-3-200x133.jpg 200w, https:\/\/cyclingcambrils.com\/wp-content\/uploads\/2026\/03\/En-este-entorno-inmejorable-vuelve-la-Bioracer-Cambrils-Road-una-cita-marcada-en-el-calendario-para-el-domingo-24-de-mayo-3-300x199.jpg 300w, https:\/\/cyclingcambrils.com\/wp-content\/uploads\/2026\/03\/En-este-entorno-inmejorable-vuelve-la-Bioracer-Cambrils-Road-una-cita-marcada-en-el-calendario-para-el-domingo-24-de-mayo-3-400x266.jpg 400w, https:\/\/cyclingcambrils.com\/wp-content\/uploads\/2026\/03\/En-este-entorno-inmejorable-vuelve-la-Bioracer-Cambrils-Road-una-cita-marcada-en-el-calendario-para-el-domingo-24-de-mayo-3-600x399.jpg 600w, https:\/\/cyclingcambrils.com\/wp-content\/uploads\/2026\/03\/En-este-entorno-inmejorable-vuelve-la-Bioracer-Cambrils-Road-una-cita-marcada-en-el-calendario-para-el-domingo-24-de-mayo-3-768x510.jpg 768w, https:\/\/cyclingcambrils.com\/wp-content\/uploads\/2026\/03\/En-este-entorno-inmejorable-vuelve-la-Bioracer-Cambrils-Road-una-cita-marcada-en-el-calendario-para-el-domingo-24-de-mayo-3-800x532.jpg 800w, https:\/\/cyclingcambrils.com\/wp-content\/uploads\/2026\/03\/En-este-entorno-inmejorable-vuelve-la-Bioracer-Cambrils-Road-una-cita-marcada-en-el-calendario-para-el-domingo-24-de-mayo-3.jpg 900w\" data-sizes=\"auto\" data-orig-sizes=\"(max-width: 900px) 100vw, 900px\" \/><\/p>\n<p><img decoding=\"async\" class=\"lazyload size-full wp-image-15454 aligncenter\" src=\"https:\/\/cyclingcambrils.com\/wp-content\/uploads\/2026\/03\/En-este-entorno-inmejorable-vuelve-la-Bioracer-Cambrils-Road-una-cita-marcada-en-el-calendario-para-el-domingo-24-de-mayo-1.jpg\" data-orig-src=\"https:\/\/cyclingcambrils.com\/wp-content\/uploads\/2026\/03\/En-este-entorno-inmejorable-vuelve-la-Bioracer-Cambrils-Road-una-cita-marcada-en-el-calendario-para-el-domingo-24-de-mayo-1.jpg\" alt=\"\" width=\"900\" height=\"600\" srcset=\"data:image\/svg+xml,%3Csvg%20xmlns%3D%27http%3A%2F%2Fwww.w3.org%2F2000%2Fsvg%27%20width%3D%27900%27%20height%3D%27600%27%20viewBox%3D%270%200%20900%20600%27%3E%3Crect%20width%3D%27900%27%20height%3D%27600%27%20fill-opacity%3D%220%22%2F%3E%3C%2Fsvg%3E\" data-srcset=\"https:\/\/cyclingcambrils.com\/wp-content\/uploads\/2026\/03\/En-este-entorno-inmejorable-vuelve-la-Bioracer-Cambrils-Road-una-cita-marcada-en-el-calendario-para-el-domingo-24-de-mayo-1-200x133.jpg 200w, https:\/\/cyclingcambrils.com\/wp-content\/uploads\/2026\/03\/En-este-entorno-inmejorable-vuelve-la-Bioracer-Cambrils-Road-una-cita-marcada-en-el-calendario-para-el-domingo-24-de-mayo-1-300x200.jpg 300w, https:\/\/cyclingcambrils.com\/wp-content\/uploads\/2026\/03\/En-este-entorno-inmejorable-vuelve-la-Bioracer-Cambrils-Road-una-cita-marcada-en-el-calendario-para-el-domingo-24-de-mayo-1-400x267.jpg 400w, https:\/\/cyclingcambrils.com\/wp-content\/uploads\/2026\/03\/En-este-entorno-inmejorable-vuelve-la-Bioracer-Cambrils-Road-una-cita-marcada-en-el-calendario-para-el-domingo-24-de-mayo-1-600x400.jpg 600w, https:\/\/cyclingcambrils.com\/wp-content\/uploads\/2026\/03\/En-este-entorno-inmejorable-vuelve-la-Bioracer-Cambrils-Road-una-cita-marcada-en-el-calendario-para-el-domingo-24-de-mayo-1-768x512.jpg 768w, https:\/\/cyclingcambrils.com\/wp-content\/uploads\/2026\/03\/En-este-entorno-inmejorable-vuelve-la-Bioracer-Cambrils-Road-una-cita-marcada-en-el-calendario-para-el-domingo-24-de-mayo-1-800x533.jpg 800w, https:\/\/cyclingcambrils.com\/wp-content\/uploads\/2026\/03\/En-este-entorno-inmejorable-vuelve-la-Bioracer-Cambrils-Road-una-cita-marcada-en-el-calendario-para-el-domingo-24-de-mayo-1.jpg 900w\" data-sizes=\"auto\" data-orig-sizes=\"(max-width: 900px) 100vw, 900px\" \/><\/p>\n<h3>Gastronomie und Dienstleistungen im Ziel<\/h3>\n<p>Mit dem \u00dcberqueren der Ziellinie endet das Erlebnis nicht, sondern verwandelt sich in ein Fest der Zusammengeh\u00f6rigkeit und der Genesung.<\/p>\n<p><strong>Die Organisation bietet Gourmet-Erfrischungen mit einem Fideu\u00e0 an<\/strong> , die die gastronomische Exzellenz von Cambrils widerspiegeln, einer Stadt, die f\u00fcr ihre Fischm\u00e4rkte und ihre Meeresfr\u00fcchte-K\u00fcche ber\u00fchmt ist.<\/p>\n<p>Dar\u00fcber hinaus stehen Ihnen Physiotherapie, technische Dienstleistungen und ein Fotoservice zur Verf\u00fcgung, damit Sie die perfekten Erinnerungen an Ihren Tag festhalten k\u00f6nnen. Es ist die ideale Kombination aus Sport, Natur und mediterraner Kultur. <\/p>\n<p>Die Anmeldung bleibt so lange ge\u00f6ffnet, bis alle Startnummern ausverkauft sind oder bis eine Woche vor der Veranstaltung.<\/p>\n<p>Es ist die perfekte Gelegenheit, ein authentisches Wochenende mit Radtouren zu erleben, die Spiritualit\u00e4t der Priorat-W\u00e4lder einzuatmen und immer wieder in die Geborgenheit eines Ortes zur\u00fcckzukehren, der das Meer atmet.<\/p>\n<p>Cambrils empf\u00e4ngt Sie mit offenen Armen und Ihr Fahrrad ist bereit.<\/p>\n<p><a href=\"https:\/\/www.naturetime.es\/ca\/marxa-cicloturisme-cambrils\/\" target=\"_blank\" rel=\"noopener\">+ INFO<\/a><\/p>\n<p>&nbsp;<\/p>\n","protected":false},"excerpt":{"rendered":"<p>Die Essenz des Radsports in Cambrils wird im Bioracer Cambrils  &#8230;<\/p>\n","protected":false},"author":22,"featured_media":15452,"comment_status":"open","ping_status":"open","sticky":false,"template":"","format":"standard","meta":{"_acf_changed":false,"footnotes":""},"categories":[216],"tags":[334,327],"class_list":["post-15476","post","type-post","status-publish","format-standard","has-post-thumbnail","hentry","category-blog-de","tag-bioracer-cambribike-road-de","tag-featured-de"],"acf":[],"yoast_head":"<!-- This site is optimized with the Yoast SEO plugin v27.4 - https:\/\/yoast.com\/product\/yoast-seo-wordpress\/ -->\n<title>Die Radsport-Essenz von Cambrils auf der Bioracer Cambrils Stra\u00dfe<\/title>\n<meta name=\"description\" content=\"In dieser unschlagbaren Kulisse kehrt der Bioracer Cambrils Road zur\u00fcck, und zwar am Sonntag, den 24. Mai.\" \/>\n<meta name=\"robots\" content=\"index, follow, max-snippet:-1, max-image-preview:large, max-video-preview:-1\" \/>\n<link rel=\"canonical\" href=\"https:\/\/cyclingcambrils.com\/de\/die-bioracer-cambrils-road-fuehrt-durch-den-schoensten-teil-der-gegend\/\" \/>\n<meta property=\"og:locale\" content=\"de_DE\" \/>\n<meta property=\"og:type\" content=\"article\" \/>\n<meta property=\"og:title\" content=\"Die Radsport-Essenz von Cambrils auf der Bioracer Cambrils Stra\u00dfe\" \/>\n<meta property=\"og:description\" content=\"In dieser unschlagbaren Kulisse kehrt der Bioracer Cambrils Road zur\u00fcck, und zwar am Sonntag, den 24. Mai.\" \/>\n<meta property=\"og:url\" content=\"https:\/\/cyclingcambrils.com\/de\/die-bioracer-cambrils-road-fuehrt-durch-den-schoensten-teil-der-gegend\/\" \/>\n<meta property=\"og:site_name\" content=\"Cambrils Cycling Paradise\" \/>\n<meta property=\"article:publisher\" content=\"https:\/\/www.facebook.com\/CambrilsTurisme\/\" \/>\n<meta property=\"article:published_time\" content=\"2026-03-12T10:29:06+00:00\" \/>\n<meta property=\"og:image\" content=\"https:\/\/cyclingcambrils.com\/wp-content\/uploads\/2026\/03\/En-este-entorno-inmejorable-vuelve-la-Bioracer-Cambrils-Road-una-cita-marcada-en-el-calendario-para-el-domingo-24-de-mayo.jpg\" \/>\n\t<meta property=\"og:image:width\" content=\"900\" \/>\n\t<meta property=\"og:image:height\" content=\"600\" \/>\n\t<meta property=\"og:image:type\" content=\"image\/jpeg\" \/>\n<meta name=\"author\" content=\"iban\" \/>\n<meta name=\"twitter:card\" content=\"summary_large_image\" \/>\n<meta name=\"twitter:label1\" content=\"Verfasst von\" \/>\n\t<meta name=\"twitter:data1\" content=\"iban\" \/>\n\t<meta name=\"twitter:label2\" content=\"Gesch\u00e4tzte Lesezeit\" \/>\n\t<meta name=\"twitter:data2\" content=\"3\u00a0Minuten\" \/>\n<script type=\"application\/ld+json\" class=\"yoast-schema-graph\">{\"@context\":\"https:\\\/\\\/schema.org\",\"@graph\":[{\"@type\":\"Article\",\"@id\":\"https:\\\/\\\/cyclingcambrils.com\\\/de\\\/die-bioracer-cambrils-road-fuehrt-durch-den-schoensten-teil-der-gegend\\\/#article\",\"isPartOf\":{\"@id\":\"https:\\\/\\\/cyclingcambrils.com\\\/de\\\/die-bioracer-cambrils-road-fuehrt-durch-den-schoensten-teil-der-gegend\\\/\"},\"author\":{\"name\":\"iban\",\"@id\":\"https:\\\/\\\/cyclingcambrils.com\\\/de\\\/#\\\/schema\\\/person\\\/6e4f10916c8dd5c49acb64e671bdf0a8\"},\"headline\":\"Die Bioracer Cambrils Road f\u00fchrt durch den sch\u00f6nsten Teil der Gegend.\",\"datePublished\":\"2026-03-12T10:29:06+00:00\",\"mainEntityOfPage\":{\"@id\":\"https:\\\/\\\/cyclingcambrils.com\\\/de\\\/die-bioracer-cambrils-road-fuehrt-durch-den-schoensten-teil-der-gegend\\\/\"},\"wordCount\":569,\"commentCount\":0,\"publisher\":{\"@id\":\"https:\\\/\\\/cyclingcambrils.com\\\/de\\\/#organization\"},\"image\":{\"@id\":\"https:\\\/\\\/cyclingcambrils.com\\\/de\\\/die-bioracer-cambrils-road-fuehrt-durch-den-schoensten-teil-der-gegend\\\/#primaryimage\"},\"thumbnailUrl\":\"https:\\\/\\\/cyclingcambrils.com\\\/wp-content\\\/uploads\\\/2026\\\/03\\\/En-este-entorno-inmejorable-vuelve-la-Bioracer-Cambrils-Road-una-cita-marcada-en-el-calendario-para-el-domingo-24-de-mayo.jpg\",\"keywords\":[\"Bioracer Cambribike Road\",\"featured\"],\"articleSection\":[\"Blog\"],\"inLanguage\":\"de\",\"potentialAction\":[{\"@type\":\"CommentAction\",\"name\":\"Comment\",\"target\":[\"https:\\\/\\\/cyclingcambrils.com\\\/de\\\/die-bioracer-cambrils-road-fuehrt-durch-den-schoensten-teil-der-gegend\\\/#respond\"]}]},{\"@type\":\"WebPage\",\"@id\":\"https:\\\/\\\/cyclingcambrils.com\\\/de\\\/die-bioracer-cambrils-road-fuehrt-durch-den-schoensten-teil-der-gegend\\\/\",\"url\":\"https:\\\/\\\/cyclingcambrils.com\\\/de\\\/die-bioracer-cambrils-road-fuehrt-durch-den-schoensten-teil-der-gegend\\\/\",\"name\":\"Die Radsport-Essenz von Cambrils auf der Bioracer Cambrils Stra\u00dfe\",\"isPartOf\":{\"@id\":\"https:\\\/\\\/cyclingcambrils.com\\\/de\\\/#website\"},\"primaryImageOfPage\":{\"@id\":\"https:\\\/\\\/cyclingcambrils.com\\\/de\\\/die-bioracer-cambrils-road-fuehrt-durch-den-schoensten-teil-der-gegend\\\/#primaryimage\"},\"image\":{\"@id\":\"https:\\\/\\\/cyclingcambrils.com\\\/de\\\/die-bioracer-cambrils-road-fuehrt-durch-den-schoensten-teil-der-gegend\\\/#primaryimage\"},\"thumbnailUrl\":\"https:\\\/\\\/cyclingcambrils.com\\\/wp-content\\\/uploads\\\/2026\\\/03\\\/En-este-entorno-inmejorable-vuelve-la-Bioracer-Cambrils-Road-una-cita-marcada-en-el-calendario-para-el-domingo-24-de-mayo.jpg\",\"datePublished\":\"2026-03-12T10:29:06+00:00\",\"description\":\"In dieser unschlagbaren Kulisse kehrt der Bioracer Cambrils Road zur\u00fcck, und zwar am Sonntag, den 24. Mai.\",\"breadcrumb\":{\"@id\":\"https:\\\/\\\/cyclingcambrils.com\\\/de\\\/die-bioracer-cambrils-road-fuehrt-durch-den-schoensten-teil-der-gegend\\\/#breadcrumb\"},\"inLanguage\":\"de\",\"potentialAction\":[{\"@type\":\"ReadAction\",\"target\":[\"https:\\\/\\\/cyclingcambrils.com\\\/de\\\/die-bioracer-cambrils-road-fuehrt-durch-den-schoensten-teil-der-gegend\\\/\"]}]},{\"@type\":\"ImageObject\",\"inLanguage\":\"de\",\"@id\":\"https:\\\/\\\/cyclingcambrils.com\\\/de\\\/die-bioracer-cambrils-road-fuehrt-durch-den-schoensten-teil-der-gegend\\\/#primaryimage\",\"url\":\"https:\\\/\\\/cyclingcambrils.com\\\/wp-content\\\/uploads\\\/2026\\\/03\\\/En-este-entorno-inmejorable-vuelve-la-Bioracer-Cambrils-Road-una-cita-marcada-en-el-calendario-para-el-domingo-24-de-mayo.jpg\",\"contentUrl\":\"https:\\\/\\\/cyclingcambrils.com\\\/wp-content\\\/uploads\\\/2026\\\/03\\\/En-este-entorno-inmejorable-vuelve-la-Bioracer-Cambrils-Road-una-cita-marcada-en-el-calendario-para-el-domingo-24-de-mayo.jpg\",\"width\":900,\"height\":600},{\"@type\":\"BreadcrumbList\",\"@id\":\"https:\\\/\\\/cyclingcambrils.com\\\/de\\\/die-bioracer-cambrils-road-fuehrt-durch-den-schoensten-teil-der-gegend\\\/#breadcrumb\",\"itemListElement\":[{\"@type\":\"ListItem\",\"position\":1,\"name\":\"Portada\",\"item\":\"https:\\\/\\\/cyclingcambrils.com\\\/de\\\/\"},{\"@type\":\"ListItem\",\"position\":2,\"name\":\"Die Bioracer Cambrils Road f\u00fchrt durch den sch\u00f6nsten Teil der Gegend.\"}]},{\"@type\":\"WebSite\",\"@id\":\"https:\\\/\\\/cyclingcambrils.com\\\/de\\\/#website\",\"url\":\"https:\\\/\\\/cyclingcambrils.com\\\/de\\\/\",\"name\":\"Cambrils Cycling Paradise\",\"description\":\"Descubre el para\u00edso del ciclista\",\"publisher\":{\"@id\":\"https:\\\/\\\/cyclingcambrils.com\\\/de\\\/#organization\"},\"potentialAction\":[{\"@type\":\"SearchAction\",\"target\":{\"@type\":\"EntryPoint\",\"urlTemplate\":\"https:\\\/\\\/cyclingcambrils.com\\\/de\\\/?s={search_term_string}\"},\"query-input\":{\"@type\":\"PropertyValueSpecification\",\"valueRequired\":true,\"valueName\":\"search_term_string\"}}],\"inLanguage\":\"de\"},{\"@type\":\"Organization\",\"@id\":\"https:\\\/\\\/cyclingcambrils.com\\\/de\\\/#organization\",\"name\":\"Cambrils Cycling Paradise\",\"url\":\"https:\\\/\\\/cyclingcambrils.com\\\/de\\\/\",\"logo\":{\"@type\":\"ImageObject\",\"inLanguage\":\"de\",\"@id\":\"https:\\\/\\\/cyclingcambrils.com\\\/de\\\/#\\\/schema\\\/logo\\\/image\\\/\",\"url\":\"https:\\\/\\\/cyclingcambrils.com\\\/wp-content\\\/uploads\\\/2023\\\/04\\\/logo-cambrils-cycling-paradise.png\",\"contentUrl\":\"https:\\\/\\\/cyclingcambrils.com\\\/wp-content\\\/uploads\\\/2023\\\/04\\\/logo-cambrils-cycling-paradise.png\",\"width\":600,\"height\":196,\"caption\":\"Cambrils Cycling Paradise\"},\"image\":{\"@id\":\"https:\\\/\\\/cyclingcambrils.com\\\/de\\\/#\\\/schema\\\/logo\\\/image\\\/\"},\"sameAs\":[\"https:\\\/\\\/www.facebook.com\\\/CambrilsTurisme\\\/\",\"https:\\\/\\\/www.instagram.com\\\/cambrilsturisme\"]},{\"@type\":\"Person\",\"@id\":\"https:\\\/\\\/cyclingcambrils.com\\\/de\\\/#\\\/schema\\\/person\\\/6e4f10916c8dd5c49acb64e671bdf0a8\",\"name\":\"iban\",\"image\":{\"@type\":\"ImageObject\",\"inLanguage\":\"de\",\"@id\":\"https:\\\/\\\/secure.gravatar.com\\\/avatar\\\/999f97df4560c00ff8bc15fa4f3d885bacdd4c58a1377c629714dac8f319a383?s=96&d=mm&r=g\",\"url\":\"https:\\\/\\\/secure.gravatar.com\\\/avatar\\\/999f97df4560c00ff8bc15fa4f3d885bacdd4c58a1377c629714dac8f319a383?s=96&d=mm&r=g\",\"contentUrl\":\"https:\\\/\\\/secure.gravatar.com\\\/avatar\\\/999f97df4560c00ff8bc15fa4f3d885bacdd4c58a1377c629714dac8f319a383?s=96&d=mm&r=g\",\"caption\":\"iban\"},\"url\":\"https:\\\/\\\/cyclingcambrils.com\\\/de\\\/author\\\/iban\\\/\"}]}<\/script>\n<!-- \/ Yoast SEO plugin. -->","yoast_head_json":{"title":"Die Radsport-Essenz von Cambrils auf der Bioracer Cambrils Stra\u00dfe","description":"In dieser unschlagbaren Kulisse kehrt der Bioracer Cambrils Road zur\u00fcck, und zwar am Sonntag, den 24. Mai.","robots":{"index":"index","follow":"follow","max-snippet":"max-snippet:-1","max-image-preview":"max-image-preview:large","max-video-preview":"max-video-preview:-1"},"canonical":"https:\/\/cyclingcambrils.com\/de\/die-bioracer-cambrils-road-fuehrt-durch-den-schoensten-teil-der-gegend\/","og_locale":"de_DE","og_type":"article","og_title":"Die Radsport-Essenz von Cambrils auf der Bioracer Cambrils Stra\u00dfe","og_description":"In dieser unschlagbaren Kulisse kehrt der Bioracer Cambrils Road zur\u00fcck, und zwar am Sonntag, den 24. Mai.","og_url":"https:\/\/cyclingcambrils.com\/de\/die-bioracer-cambrils-road-fuehrt-durch-den-schoensten-teil-der-gegend\/","og_site_name":"Cambrils Cycling Paradise","article_publisher":"https:\/\/www.facebook.com\/CambrilsTurisme\/","article_published_time":"2026-03-12T10:29:06+00:00","og_image":[{"width":900,"height":600,"url":"https:\/\/cyclingcambrils.com\/wp-content\/uploads\/2026\/03\/En-este-entorno-inmejorable-vuelve-la-Bioracer-Cambrils-Road-una-cita-marcada-en-el-calendario-para-el-domingo-24-de-mayo.jpg","type":"image\/jpeg"}],"author":"iban","twitter_card":"summary_large_image","twitter_misc":{"Verfasst von":"iban","Gesch\u00e4tzte Lesezeit":"3\u00a0Minuten"},"schema":{"@context":"https:\/\/schema.org","@graph":[{"@type":"Article","@id":"https:\/\/cyclingcambrils.com\/de\/die-bioracer-cambrils-road-fuehrt-durch-den-schoensten-teil-der-gegend\/#article","isPartOf":{"@id":"https:\/\/cyclingcambrils.com\/de\/die-bioracer-cambrils-road-fuehrt-durch-den-schoensten-teil-der-gegend\/"},"author":{"name":"iban","@id":"https:\/\/cyclingcambrils.com\/de\/#\/schema\/person\/6e4f10916c8dd5c49acb64e671bdf0a8"},"headline":"Die Bioracer Cambrils Road f\u00fchrt durch den sch\u00f6nsten Teil der Gegend.","datePublished":"2026-03-12T10:29:06+00:00","mainEntityOfPage":{"@id":"https:\/\/cyclingcambrils.com\/de\/die-bioracer-cambrils-road-fuehrt-durch-den-schoensten-teil-der-gegend\/"},"wordCount":569,"commentCount":0,"publisher":{"@id":"https:\/\/cyclingcambrils.com\/de\/#organization"},"image":{"@id":"https:\/\/cyclingcambrils.com\/de\/die-bioracer-cambrils-road-fuehrt-durch-den-schoensten-teil-der-gegend\/#primaryimage"},"thumbnailUrl":"https:\/\/cyclingcambrils.com\/wp-content\/uploads\/2026\/03\/En-este-entorno-inmejorable-vuelve-la-Bioracer-Cambrils-Road-una-cita-marcada-en-el-calendario-para-el-domingo-24-de-mayo.jpg","keywords":["Bioracer Cambribike Road","featured"],"articleSection":["Blog"],"inLanguage":"de","potentialAction":[{"@type":"CommentAction","name":"Comment","target":["https:\/\/cyclingcambrils.com\/de\/die-bioracer-cambrils-road-fuehrt-durch-den-schoensten-teil-der-gegend\/#respond"]}]},{"@type":"WebPage","@id":"https:\/\/cyclingcambrils.com\/de\/die-bioracer-cambrils-road-fuehrt-durch-den-schoensten-teil-der-gegend\/","url":"https:\/\/cyclingcambrils.com\/de\/die-bioracer-cambrils-road-fuehrt-durch-den-schoensten-teil-der-gegend\/","name":"Die Radsport-Essenz von Cambrils auf der Bioracer Cambrils Stra\u00dfe","isPartOf":{"@id":"https:\/\/cyclingcambrils.com\/de\/#website"},"primaryImageOfPage":{"@id":"https:\/\/cyclingcambrils.com\/de\/die-bioracer-cambrils-road-fuehrt-durch-den-schoensten-teil-der-gegend\/#primaryimage"},"image":{"@id":"https:\/\/cyclingcambrils.com\/de\/die-bioracer-cambrils-road-fuehrt-durch-den-schoensten-teil-der-gegend\/#primaryimage"},"thumbnailUrl":"https:\/\/cyclingcambrils.com\/wp-content\/uploads\/2026\/03\/En-este-entorno-inmejorable-vuelve-la-Bioracer-Cambrils-Road-una-cita-marcada-en-el-calendario-para-el-domingo-24-de-mayo.jpg","datePublished":"2026-03-12T10:29:06+00:00","description":"In dieser unschlagbaren Kulisse kehrt der Bioracer Cambrils Road zur\u00fcck, und zwar am Sonntag, den 24. Mai.","breadcrumb":{"@id":"https:\/\/cyclingcambrils.com\/de\/die-bioracer-cambrils-road-fuehrt-durch-den-schoensten-teil-der-gegend\/#breadcrumb"},"inLanguage":"de","potentialAction":[{"@type":"ReadAction","target":["https:\/\/cyclingcambrils.com\/de\/die-bioracer-cambrils-road-fuehrt-durch-den-schoensten-teil-der-gegend\/"]}]},{"@type":"ImageObject","inLanguage":"de","@id":"https:\/\/cyclingcambrils.com\/de\/die-bioracer-cambrils-road-fuehrt-durch-den-schoensten-teil-der-gegend\/#primaryimage","url":"https:\/\/cyclingcambrils.com\/wp-content\/uploads\/2026\/03\/En-este-entorno-inmejorable-vuelve-la-Bioracer-Cambrils-Road-una-cita-marcada-en-el-calendario-para-el-domingo-24-de-mayo.jpg","contentUrl":"https:\/\/cyclingcambrils.com\/wp-content\/uploads\/2026\/03\/En-este-entorno-inmejorable-vuelve-la-Bioracer-Cambrils-Road-una-cita-marcada-en-el-calendario-para-el-domingo-24-de-mayo.jpg","width":900,"height":600},{"@type":"BreadcrumbList","@id":"https:\/\/cyclingcambrils.com\/de\/die-bioracer-cambrils-road-fuehrt-durch-den-schoensten-teil-der-gegend\/#breadcrumb","itemListElement":[{"@type":"ListItem","position":1,"name":"Portada","item":"https:\/\/cyclingcambrils.com\/de\/"},{"@type":"ListItem","position":2,"name":"Die Bioracer Cambrils Road f\u00fchrt durch den sch\u00f6nsten Teil der Gegend."}]},{"@type":"WebSite","@id":"https:\/\/cyclingcambrils.com\/de\/#website","url":"https:\/\/cyclingcambrils.com\/de\/","name":"Cambrils Cycling Paradise","description":"Descubre el para\u00edso del ciclista","publisher":{"@id":"https:\/\/cyclingcambrils.com\/de\/#organization"},"potentialAction":[{"@type":"SearchAction","target":{"@type":"EntryPoint","urlTemplate":"https:\/\/cyclingcambrils.com\/de\/?s={search_term_string}"},"query-input":{"@type":"PropertyValueSpecification","valueRequired":true,"valueName":"search_term_string"}}],"inLanguage":"de"},{"@type":"Organization","@id":"https:\/\/cyclingcambrils.com\/de\/#organization","name":"Cambrils Cycling Paradise","url":"https:\/\/cyclingcambrils.com\/de\/","logo":{"@type":"ImageObject","inLanguage":"de","@id":"https:\/\/cyclingcambrils.com\/de\/#\/schema\/logo\/image\/","url":"https:\/\/cyclingcambrils.com\/wp-content\/uploads\/2023\/04\/logo-cambrils-cycling-paradise.png","contentUrl":"https:\/\/cyclingcambrils.com\/wp-content\/uploads\/2023\/04\/logo-cambrils-cycling-paradise.png","width":600,"height":196,"caption":"Cambrils Cycling Paradise"},"image":{"@id":"https:\/\/cyclingcambrils.com\/de\/#\/schema\/logo\/image\/"},"sameAs":["https:\/\/www.facebook.com\/CambrilsTurisme\/","https:\/\/www.instagram.com\/cambrilsturisme"]},{"@type":"Person","@id":"https:\/\/cyclingcambrils.com\/de\/#\/schema\/person\/6e4f10916c8dd5c49acb64e671bdf0a8","name":"iban","image":{"@type":"ImageObject","inLanguage":"de","@id":"https:\/\/secure.gravatar.com\/avatar\/999f97df4560c00ff8bc15fa4f3d885bacdd4c58a1377c629714dac8f319a383?s=96&d=mm&r=g","url":"https:\/\/secure.gravatar.com\/avatar\/999f97df4560c00ff8bc15fa4f3d885bacdd4c58a1377c629714dac8f319a383?s=96&d=mm&r=g","contentUrl":"https:\/\/secure.gravatar.com\/avatar\/999f97df4560c00ff8bc15fa4f3d885bacdd4c58a1377c629714dac8f319a383?s=96&d=mm&r=g","caption":"iban"},"url":"https:\/\/cyclingcambrils.com\/de\/author\/iban\/"}]}},"_links":{"self":[{"href":"https:\/\/cyclingcambrils.com\/de\/wp-json\/wp\/v2\/posts\/15476","targetHints":{"allow":["GET"]}}],"collection":[{"href":"https:\/\/cyclingcambrils.com\/de\/wp-json\/wp\/v2\/posts"}],"about":[{"href":"https:\/\/cyclingcambrils.com\/de\/wp-json\/wp\/v2\/types\/post"}],"author":[{"embeddable":true,"href":"https:\/\/cyclingcambrils.com\/de\/wp-json\/wp\/v2\/users\/22"}],"replies":[{"embeddable":true,"href":"https:\/\/cyclingcambrils.com\/de\/wp-json\/wp\/v2\/comments?post=15476"}],"version-history":[{"count":0,"href":"https:\/\/cyclingcambrils.com\/de\/wp-json\/wp\/v2\/posts\/15476\/revisions"}],"wp:featuredmedia":[{"embeddable":true,"href":"https:\/\/cyclingcambrils.com\/de\/wp-json\/wp\/v2\/media\/15452"}],"wp:attachment":[{"href":"https:\/\/cyclingcambrils.com\/de\/wp-json\/wp\/v2\/media?parent=15476"}],"wp:term":[{"taxonomy":"category","embeddable":true,"href":"https:\/\/cyclingcambrils.com\/de\/wp-json\/wp\/v2\/categories?post=15476"},{"taxonomy":"post_tag","embeddable":true,"href":"https:\/\/cyclingcambrils.com\/de\/wp-json\/wp\/v2\/tags?post=15476"}],"curies":[{"name":"wp","href":"https:\/\/api.w.org\/{rel}","templated":true}]}}