{"id":14760,"date":"2025-08-11T12:34:03","date_gmt":"2025-08-11T12:34:03","guid":{"rendered":"https:\/\/cyclingcambrils.com\/souvenirs-de-vacances-a-velo-a-cambrils\/"},"modified":"2025-08-11T12:34:03","modified_gmt":"2025-08-11T12:34:03","slug":"souvenirs-de-vacances-a-velo-a-cambrils","status":"publish","type":"post","link":"https:\/\/cyclingcambrils.com\/fr\/souvenirs-de-vacances-a-velo-a-cambrils\/","title":{"rendered":"Souvenirs de vacances \u00e0 v\u00e9lo \u00e0 Cambrils"},"content":{"rendered":"<p data-start=\"177\" data-end=\"424\">Sylvain vit au Qu\u00e9bec, au Canada, mais il a toujours pens\u00e9 \u00e0 l&rsquo;\u00e9poque o\u00f9 il pouvait prendre son v\u00e9lo et parcourir Cambrils. Pour lui, le v\u00e9lo n&rsquo;\u00e9tait pas seulement un sport pour rester en forme, mais aussi un moyen de prendre soin de sa sant\u00e9 \u00e0 la retraite. <\/p>\n<p data-start=\"426\" data-end=\"923\"><strong>Il se consid\u00e9rait comme un cycliste moyen et estimait parcourir environ 7&nbsp;000 kilom\u00e8tres par an<\/strong> . \u00ab&nbsp;Je faisais du v\u00e9lo par pur plaisir&nbsp;\u00bb, disait-il, et ce qui le motivait le plus \u00e9tait de s&rsquo;attaquer aux montagnes entourant Cambrils. Il avait d\u00e9couvert Cambrils quelques ann\u00e9es apr\u00e8s avoir parcouru la Serra de Tramuntana \u00e0 Majorque, o\u00f9 il avait pass\u00e9 six ans \u00e0 explorer l&rsquo;\u00eele. Il avait besoin de changement, et m\u00eame si ses amis qu\u00e9b\u00e9cois lui parlaient de D\u00e9nia et de Cambrils, lorsqu&rsquo;il a essay\u00e9 Cambrils il y a quatre ans, il y est revenu sans cesse.   <\/p>\n<p data-start=\"925\" data-end=\"1188\">De l&rsquo;autre c\u00f4t\u00e9, il y avait Joris, un Belge originaire d&rsquo;une r\u00e9gion o\u00f9 le cyclisme \u00e9tait bien plus qu&rsquo;un sport, presque une religion. Il se d\u00e9finissait comme \u00ab quelqu&rsquo;un de comp\u00e9titif, mais avec une bonne ambiance \u00bb et affirmait que toute bonne balade \u00e0 v\u00e9lo se terminait par une bi\u00e8re entre amis. <\/p>\n<p data-start=\"1190\" data-end=\"1592\"><strong>Joris a d\u00e9couvert Cambrils il y a plus de dix ans<\/strong> . D\u00e8s sa premi\u00e8re visite, il a \u00e9t\u00e9 conquis par le v\u00e9lo et la d\u00e9couverte de la r\u00e9gion. \u00ab Je n&rsquo;\u00e9tais pas du genre \u00e0 passer mes journ\u00e9es \u00e0 la plage \u00bb, a-t-il d\u00e9clar\u00e9. \u00ab Mon premier itin\u00e9raire a travers\u00e9 la Serra de Llaberia, et j&rsquo;en suis imm\u00e9diatement tomb\u00e9 amoureux. \u00bb     <img decoding=\"async\" class=\"lazyload alignnone size-full wp-image-14751\" src=\"https:\/\/cyclingcambrils.com\/wp-content\/uploads\/2025\/08\/CAMBRILS-169-1.jpg\" data-orig-src=\"https:\/\/cyclingcambrils.com\/wp-content\/uploads\/2025\/08\/CAMBRILS-169-1.jpg\" alt=\"\" width=\"900\" height=\"1350\" srcset=\"data:image\/svg+xml,%3Csvg%20xmlns%3D%27http%3A%2F%2Fwww.w3.org%2F2000%2Fsvg%27%20width%3D%27900%27%20height%3D%271350%27%20viewBox%3D%270%200%20900%201350%27%3E%3Crect%20width%3D%27900%27%20height%3D%271350%27%20fill-opacity%3D%220%22%2F%3E%3C%2Fsvg%3E\" data-srcset=\"https:\/\/cyclingcambrils.com\/wp-content\/uploads\/2025\/08\/CAMBRILS-169-1-200x300.jpg 200w, https:\/\/cyclingcambrils.com\/wp-content\/uploads\/2025\/08\/CAMBRILS-169-1-400x600.jpg 400w, https:\/\/cyclingcambrils.com\/wp-content\/uploads\/2025\/08\/CAMBRILS-169-1-600x900.jpg 600w, https:\/\/cyclingcambrils.com\/wp-content\/uploads\/2025\/08\/CAMBRILS-169-1-683x1024.jpg 683w, https:\/\/cyclingcambrils.com\/wp-content\/uploads\/2025\/08\/CAMBRILS-169-1-768x1152.jpg 768w, https:\/\/cyclingcambrils.com\/wp-content\/uploads\/2025\/08\/CAMBRILS-169-1-800x1200.jpg 800w, https:\/\/cyclingcambrils.com\/wp-content\/uploads\/2025\/08\/CAMBRILS-169-1.jpg 900w\" data-sizes=\"auto\" data-orig-sizes=\"(max-width: 900px) 100vw, 900px\" \/>\u00c0 tel point qu\u2019il a fini par y acheter une maison de vacances et y revenir plusieurs fois par an, organisant des rencontres avec des amis cyclistes pour rouler ensemble.<\/p>\n<p data-start=\"1190\" data-end=\"1592\">\n<p data-start=\"1594\" data-end=\"1845\">Lorsqu&rsquo;on lui demande pourquoi il a choisi Cambrils pour faire du v\u00e9lo, Sylvain r\u00e9pond que la Costa Daurada, et surtout Cambrils et ses environs, <strong>offrent des itin\u00e9raires pour tous les niveaux, avec des routes s\u00fbres et des conducteurs respectueux des cyclistes<\/strong> .<\/p>\n<p data-start=\"1847\" data-end=\"2132\">Joris a ajout\u00e9 que la m\u00e9t\u00e9o \u00e9tait \u00e9galement un atout&nbsp;: m\u00eame si certains jours se levaient avec du vent, ce n&rsquo;\u00e9tait pas un probl\u00e8me. On pouvait parcourir des itin\u00e9raires faciles sur le plat ou s&rsquo;attaquer \u00e0 des mont\u00e9es plus ardues \u00e0 l&rsquo;int\u00e9rieur des terres, et on croisait toujours d&rsquo;autres cyclistes, ce qui faisait qu&rsquo;on ne se sentait jamais seul. <\/p>\n<p data-start=\"2134\" data-end=\"2441\"><strong>Sylvain se souvenait que parcourir \u00e0 v\u00e9lo les vignes, les amandiers et les orangeraies permettait de se connecter \u00e0 la nature<\/strong> . Et apr\u00e8s le parcours, rien de tel qu&rsquo;un bon vin et une d\u00e9licieuse cuisine. \u00ab Sortir en ville, d\u00e9guster des tapas, rencontrer des gens et visiter leurs boutiques charg\u00e9es d&rsquo;histoire \u00e9tait un plaisir pour moi chaque ann\u00e9e. \u00bb  <\/p>\n<p data-start=\"2134\" data-end=\"2441\"><img decoding=\"async\" class=\"lazyload alignnone size-full wp-image-14745\" src=\"https:\/\/cyclingcambrils.com\/wp-content\/uploads\/2025\/08\/CAMBRILS-79.jpg\" data-orig-src=\"https:\/\/cyclingcambrils.com\/wp-content\/uploads\/2025\/08\/CAMBRILS-79.jpg\" alt=\"\" width=\"900\" height=\"600\" srcset=\"data:image\/svg+xml,%3Csvg%20xmlns%3D%27http%3A%2F%2Fwww.w3.org%2F2000%2Fsvg%27%20width%3D%27900%27%20height%3D%27600%27%20viewBox%3D%270%200%20900%20600%27%3E%3Crect%20width%3D%27900%27%20height%3D%27600%27%20fill-opacity%3D%220%22%2F%3E%3C%2Fsvg%3E\" data-srcset=\"https:\/\/cyclingcambrils.com\/wp-content\/uploads\/2025\/08\/CAMBRILS-79-200x133.jpg 200w, https:\/\/cyclingcambrils.com\/wp-content\/uploads\/2025\/08\/CAMBRILS-79-300x200.jpg 300w, https:\/\/cyclingcambrils.com\/wp-content\/uploads\/2025\/08\/CAMBRILS-79-400x267.jpg 400w, https:\/\/cyclingcambrils.com\/wp-content\/uploads\/2025\/08\/CAMBRILS-79-600x400.jpg 600w, https:\/\/cyclingcambrils.com\/wp-content\/uploads\/2025\/08\/CAMBRILS-79-768x512.jpg 768w, https:\/\/cyclingcambrils.com\/wp-content\/uploads\/2025\/08\/CAMBRILS-79-800x533.jpg 800w, https:\/\/cyclingcambrils.com\/wp-content\/uploads\/2025\/08\/CAMBRILS-79.jpg 900w\" data-sizes=\"auto\" data-orig-sizes=\"(max-width: 900px) 100vw, 900px\" \/><\/p>\n<p data-start=\"2443\" data-end=\"2668\">Concernant les saisons, il a d\u00e9clar\u00e9 que le printemps et l&rsquo;automne \u00e9taient parfaits pour le v\u00e9lo. \u00ab Les six premiers kilom\u00e8tres apr\u00e8s Cambrils peuvent \u00eatre un peu difficiles, mais ensuite viennent les mont\u00e9es qui vous donnent vraiment envie. \u00bb <\/p>\n<p data-start=\"2670\" data-end=\"2813\">C\u00f4t\u00e9 itin\u00e9raires, Sylvain avait plusieurs favoris au d\u00e9part et \u00e0 l&rsquo;arriv\u00e9e de Cambrils, toujours avec des alternatives en fonction de sa condition physique du moment :<\/p>\n<ul data-start=\"2815\" data-end=\"3833\">\n<li data-start=\"2815\" data-end=\"2894\">\n<p data-start=\"2817\" data-end=\"2894\">Coldejou, Marca, Falset, Porrera et retour par Teixeta (77 km et 1226 m\u00e8tres)<\/p>\n<\/li>\n<li data-start=\"2895\" data-end=\"3010\">\n<p data-start=\"2897\" data-end=\"3010\">Aller-retour \u00e0 Llaberia via le Cam\u00ed de Pratdip (85 km et 1378 m\u00e8tres) ou avec option jusqu&rsquo;\u00e0 Hospitalet (82 km et 1211 m\u00e8tres)<\/p>\n<\/li>\n<li data-start=\"3011\" data-end=\"3141\">\n<p data-start=\"3013\" data-end=\"3141\">Escornalbou : Vinyols, Ruidoms, Montbri\u00f3, Villanova, Ch\u00e2teau d&rsquo;Escornalbou, Argentera et retour par Montbri\u00f3 (60 km et 800 m\u00e8tres)<\/p>\n<\/li>\n<li data-start=\"3142\" data-end=\"3259\">\n<p data-start=\"3144\" data-end=\"3259\">Vinyols, Ruidoms, Les Borges, Maspujols, Alexia&rsquo;s, Villaplana, Mussara et retour par Alforja (77 km et 1256 m\u00e8tres)<\/p>\n<\/li>\n<li data-start=\"3260\" data-end=\"3335\">\n<p data-start=\"3262\" data-end=\"3335\">Monter \u00e0 Teixeta et passer \u00e0 Porrera, avec retour par Falset et Colldejou<\/p>\n<\/li>\n<li data-start=\"3336\" data-end=\"3421\">\n<p data-start=\"3338\" data-end=\"3421\">Vinyols, Ruidoms, Alforja, Portugal, Selva et retour par Reus (62 km et 830 m\u00e8tres)<\/p>\n<\/li>\n<li data-start=\"3422\" data-end=\"3569\">\n<p data-start=\"3424\" data-end=\"3569\">Montroig, Coldejou, Marca, El Masroig, El Molar, El Lloar, Grataloops, Torroja del Priorat, Porrera et retour par Teixeta (105 km et 1900 m\u00e8tres)<\/p>\n<\/li>\n<li data-start=\"3570\" data-end=\"3683\">\n<p data-start=\"3572\" data-end=\"3683\">Pratdip, C44, Tivissa, Serra d&rsquo;Almos, Darmos, El Masroig, Marca et retour via Colldejou (102 km et 1614 m\u00e8tres)<\/p>\n<\/li>\n<li data-start=\"3684\" data-end=\"3833\">\n<p data-start=\"3686\" data-end=\"3833\">Vinyols, Ruidoms, N420 jusqu&rsquo;au rond-point en direction d&rsquo;Alexia&rsquo;r, Villaplana, Selva, L&rsquo;Albiol, en traversant Mussara et en revenant \u00e0 Alforja (94 km et 1428 m\u00e8tres)<\/p>\n<\/li>\n<\/ul>\n<p data-start=\"3835\" data-end=\"4052\"><strong>Sylvain n&rsquo;avait que du bien \u00e0 dire sur Cambrils : ses itin\u00e9raires, la s\u00e9curit\u00e9 des routes, le faible trafic et la gentillesse des gens<\/strong> , toujours pr\u00eats \u00e0 donner un coup de main si vous aviez des probl\u00e8mes.<\/p>\n<p data-start=\"4054\" data-end=\"4203\">Joris conclut avec une touche de myst\u00e8re : \u00ab Je le recommanderais \u00e0 d&rsquo;autres cyclistes, mais j&rsquo;aimerais garder ce joyau pour moi, pour qu&rsquo;il ne soit pas bond\u00e9&#8230; \u00bb<\/p>\n","protected":false},"excerpt":{"rendered":"<p>Sylvain vit au Qu\u00e9bec, au Canada, mais il a toujours  &#8230;<\/p>\n","protected":false},"author":22,"featured_media":14742,"comment_status":"open","ping_status":"open","sticky":false,"template":"","format":"standard","meta":{"_acf_changed":false,"footnotes":""},"categories":[215],"tags":[286],"class_list":["post-14760","post","type-post","status-publish","format-standard","has-post-thumbnail","hentry","category-blog-fr","tag-cambrils-fr"],"acf":[],"yoast_head":"<!-- This site is optimized with the Yoast SEO plugin v27.4 - https:\/\/yoast.com\/product\/yoast-seo-wordpress\/ -->\n<title>Souvenirs de vacances \u00e0 v\u00e9lo \u00e0 Cambrils - Cambrils Cycling Paradise<\/title>\n<meta name=\"robots\" content=\"index, follow, max-snippet:-1, max-image-preview:large, max-video-preview:-1\" \/>\n<link rel=\"canonical\" href=\"https:\/\/cyclingcambrils.com\/fr\/souvenirs-de-vacances-a-velo-a-cambrils\/\" \/>\n<meta property=\"og:locale\" content=\"fr_FR\" \/>\n<meta property=\"og:type\" content=\"article\" \/>\n<meta property=\"og:title\" content=\"Souvenirs de vacances \u00e0 v\u00e9lo \u00e0 Cambrils - Cambrils Cycling Paradise\" \/>\n<meta property=\"og:description\" content=\"Sylvain vit au Qu\u00e9bec, au Canada, mais il a toujours ...\" \/>\n<meta property=\"og:url\" content=\"https:\/\/cyclingcambrils.com\/fr\/souvenirs-de-vacances-a-velo-a-cambrils\/\" \/>\n<meta property=\"og:site_name\" content=\"Cambrils Cycling Paradise\" \/>\n<meta property=\"article:publisher\" content=\"https:\/\/www.facebook.com\/CambrilsTurisme\/\" \/>\n<meta property=\"article:published_time\" content=\"2025-08-11T12:34:03+00:00\" \/>\n<meta property=\"og:image\" content=\"https:\/\/cyclingcambrils.com\/wp-content\/uploads\/2025\/08\/CAMBRILS-43-1-1.jpg\" \/>\n\t<meta property=\"og:image:width\" content=\"900\" \/>\n\t<meta property=\"og:image:height\" content=\"600\" \/>\n\t<meta property=\"og:image:type\" content=\"image\/jpeg\" \/>\n<meta name=\"author\" content=\"iban\" \/>\n<meta name=\"twitter:card\" content=\"summary_large_image\" \/>\n<meta name=\"twitter:label1\" content=\"\u00c9crit par\" \/>\n\t<meta name=\"twitter:data1\" content=\"iban\" \/>\n\t<meta name=\"twitter:label2\" content=\"Dur\u00e9e de lecture estim\u00e9e\" \/>\n\t<meta name=\"twitter:data2\" content=\"4 minutes\" \/>\n<script type=\"application\/ld+json\" class=\"yoast-schema-graph\">{\"@context\":\"https:\\\/\\\/schema.org\",\"@graph\":[{\"@type\":\"Article\",\"@id\":\"https:\\\/\\\/cyclingcambrils.com\\\/fr\\\/souvenirs-de-vacances-a-velo-a-cambrils\\\/#article\",\"isPartOf\":{\"@id\":\"https:\\\/\\\/cyclingcambrils.com\\\/fr\\\/souvenirs-de-vacances-a-velo-a-cambrils\\\/\"},\"author\":{\"name\":\"iban\",\"@id\":\"https:\\\/\\\/cyclingcambrils.com\\\/fr\\\/#\\\/schema\\\/person\\\/6e4f10916c8dd5c49acb64e671bdf0a8\"},\"headline\":\"Souvenirs de vacances \u00e0 v\u00e9lo \u00e0 Cambrils\",\"datePublished\":\"2025-08-11T12:34:03+00:00\",\"mainEntityOfPage\":{\"@id\":\"https:\\\/\\\/cyclingcambrils.com\\\/fr\\\/souvenirs-de-vacances-a-velo-a-cambrils\\\/\"},\"wordCount\":796,\"commentCount\":0,\"publisher\":{\"@id\":\"https:\\\/\\\/cyclingcambrils.com\\\/fr\\\/#organization\"},\"image\":{\"@id\":\"https:\\\/\\\/cyclingcambrils.com\\\/fr\\\/souvenirs-de-vacances-a-velo-a-cambrils\\\/#primaryimage\"},\"thumbnailUrl\":\"https:\\\/\\\/cyclingcambrils.com\\\/wp-content\\\/uploads\\\/2025\\\/08\\\/CAMBRILS-43-1-1.jpg\",\"keywords\":[\"Cambrils\"],\"articleSection\":[\"Blog\"],\"inLanguage\":\"fr-FR\",\"potentialAction\":[{\"@type\":\"CommentAction\",\"name\":\"Comment\",\"target\":[\"https:\\\/\\\/cyclingcambrils.com\\\/fr\\\/souvenirs-de-vacances-a-velo-a-cambrils\\\/#respond\"]}]},{\"@type\":\"WebPage\",\"@id\":\"https:\\\/\\\/cyclingcambrils.com\\\/fr\\\/souvenirs-de-vacances-a-velo-a-cambrils\\\/\",\"url\":\"https:\\\/\\\/cyclingcambrils.com\\\/fr\\\/souvenirs-de-vacances-a-velo-a-cambrils\\\/\",\"name\":\"Souvenirs de vacances \u00e0 v\u00e9lo \u00e0 Cambrils - Cambrils Cycling Paradise\",\"isPartOf\":{\"@id\":\"https:\\\/\\\/cyclingcambrils.com\\\/fr\\\/#website\"},\"primaryImageOfPage\":{\"@id\":\"https:\\\/\\\/cyclingcambrils.com\\\/fr\\\/souvenirs-de-vacances-a-velo-a-cambrils\\\/#primaryimage\"},\"image\":{\"@id\":\"https:\\\/\\\/cyclingcambrils.com\\\/fr\\\/souvenirs-de-vacances-a-velo-a-cambrils\\\/#primaryimage\"},\"thumbnailUrl\":\"https:\\\/\\\/cyclingcambrils.com\\\/wp-content\\\/uploads\\\/2025\\\/08\\\/CAMBRILS-43-1-1.jpg\",\"datePublished\":\"2025-08-11T12:34:03+00:00\",\"breadcrumb\":{\"@id\":\"https:\\\/\\\/cyclingcambrils.com\\\/fr\\\/souvenirs-de-vacances-a-velo-a-cambrils\\\/#breadcrumb\"},\"inLanguage\":\"fr-FR\",\"potentialAction\":[{\"@type\":\"ReadAction\",\"target\":[\"https:\\\/\\\/cyclingcambrils.com\\\/fr\\\/souvenirs-de-vacances-a-velo-a-cambrils\\\/\"]}]},{\"@type\":\"ImageObject\",\"inLanguage\":\"fr-FR\",\"@id\":\"https:\\\/\\\/cyclingcambrils.com\\\/fr\\\/souvenirs-de-vacances-a-velo-a-cambrils\\\/#primaryimage\",\"url\":\"https:\\\/\\\/cyclingcambrils.com\\\/wp-content\\\/uploads\\\/2025\\\/08\\\/CAMBRILS-43-1-1.jpg\",\"contentUrl\":\"https:\\\/\\\/cyclingcambrils.com\\\/wp-content\\\/uploads\\\/2025\\\/08\\\/CAMBRILS-43-1-1.jpg\",\"width\":900,\"height\":600},{\"@type\":\"BreadcrumbList\",\"@id\":\"https:\\\/\\\/cyclingcambrils.com\\\/fr\\\/souvenirs-de-vacances-a-velo-a-cambrils\\\/#breadcrumb\",\"itemListElement\":[{\"@type\":\"ListItem\",\"position\":1,\"name\":\"Portada\",\"item\":\"https:\\\/\\\/cyclingcambrils.com\\\/fr\\\/\"},{\"@type\":\"ListItem\",\"position\":2,\"name\":\"Souvenirs de vacances \u00e0 v\u00e9lo \u00e0 Cambrils\"}]},{\"@type\":\"WebSite\",\"@id\":\"https:\\\/\\\/cyclingcambrils.com\\\/fr\\\/#website\",\"url\":\"https:\\\/\\\/cyclingcambrils.com\\\/fr\\\/\",\"name\":\"Cambrils Cycling Paradise\",\"description\":\"Descubre el para\u00edso del ciclista\",\"publisher\":{\"@id\":\"https:\\\/\\\/cyclingcambrils.com\\\/fr\\\/#organization\"},\"potentialAction\":[{\"@type\":\"SearchAction\",\"target\":{\"@type\":\"EntryPoint\",\"urlTemplate\":\"https:\\\/\\\/cyclingcambrils.com\\\/fr\\\/?s={search_term_string}\"},\"query-input\":{\"@type\":\"PropertyValueSpecification\",\"valueRequired\":true,\"valueName\":\"search_term_string\"}}],\"inLanguage\":\"fr-FR\"},{\"@type\":\"Organization\",\"@id\":\"https:\\\/\\\/cyclingcambrils.com\\\/fr\\\/#organization\",\"name\":\"Cambrils Cycling Paradise\",\"url\":\"https:\\\/\\\/cyclingcambrils.com\\\/fr\\\/\",\"logo\":{\"@type\":\"ImageObject\",\"inLanguage\":\"fr-FR\",\"@id\":\"https:\\\/\\\/cyclingcambrils.com\\\/fr\\\/#\\\/schema\\\/logo\\\/image\\\/\",\"url\":\"https:\\\/\\\/cyclingcambrils.com\\\/wp-content\\\/uploads\\\/2023\\\/04\\\/logo-cambrils-cycling-paradise.png\",\"contentUrl\":\"https:\\\/\\\/cyclingcambrils.com\\\/wp-content\\\/uploads\\\/2023\\\/04\\\/logo-cambrils-cycling-paradise.png\",\"width\":600,\"height\":196,\"caption\":\"Cambrils Cycling Paradise\"},\"image\":{\"@id\":\"https:\\\/\\\/cyclingcambrils.com\\\/fr\\\/#\\\/schema\\\/logo\\\/image\\\/\"},\"sameAs\":[\"https:\\\/\\\/www.facebook.com\\\/CambrilsTurisme\\\/\",\"https:\\\/\\\/www.instagram.com\\\/cambrilsturisme\"]},{\"@type\":\"Person\",\"@id\":\"https:\\\/\\\/cyclingcambrils.com\\\/fr\\\/#\\\/schema\\\/person\\\/6e4f10916c8dd5c49acb64e671bdf0a8\",\"name\":\"iban\",\"image\":{\"@type\":\"ImageObject\",\"inLanguage\":\"fr-FR\",\"@id\":\"https:\\\/\\\/secure.gravatar.com\\\/avatar\\\/999f97df4560c00ff8bc15fa4f3d885bacdd4c58a1377c629714dac8f319a383?s=96&d=mm&r=g\",\"url\":\"https:\\\/\\\/secure.gravatar.com\\\/avatar\\\/999f97df4560c00ff8bc15fa4f3d885bacdd4c58a1377c629714dac8f319a383?s=96&d=mm&r=g\",\"contentUrl\":\"https:\\\/\\\/secure.gravatar.com\\\/avatar\\\/999f97df4560c00ff8bc15fa4f3d885bacdd4c58a1377c629714dac8f319a383?s=96&d=mm&r=g\",\"caption\":\"iban\"},\"url\":\"https:\\\/\\\/cyclingcambrils.com\\\/fr\\\/author\\\/iban\\\/\"}]}<\/script>\n<!-- \/ Yoast SEO plugin. -->","yoast_head_json":{"title":"Souvenirs de vacances \u00e0 v\u00e9lo \u00e0 Cambrils - Cambrils Cycling Paradise","robots":{"index":"index","follow":"follow","max-snippet":"max-snippet:-1","max-image-preview":"max-image-preview:large","max-video-preview":"max-video-preview:-1"},"canonical":"https:\/\/cyclingcambrils.com\/fr\/souvenirs-de-vacances-a-velo-a-cambrils\/","og_locale":"fr_FR","og_type":"article","og_title":"Souvenirs de vacances \u00e0 v\u00e9lo \u00e0 Cambrils - Cambrils Cycling Paradise","og_description":"Sylvain vit au Qu\u00e9bec, au Canada, mais il a toujours ...","og_url":"https:\/\/cyclingcambrils.com\/fr\/souvenirs-de-vacances-a-velo-a-cambrils\/","og_site_name":"Cambrils Cycling Paradise","article_publisher":"https:\/\/www.facebook.com\/CambrilsTurisme\/","article_published_time":"2025-08-11T12:34:03+00:00","og_image":[{"width":900,"height":600,"url":"https:\/\/cyclingcambrils.com\/wp-content\/uploads\/2025\/08\/CAMBRILS-43-1-1.jpg","type":"image\/jpeg"}],"author":"iban","twitter_card":"summary_large_image","twitter_misc":{"\u00c9crit par":"iban","Dur\u00e9e de lecture estim\u00e9e":"4 minutes"},"schema":{"@context":"https:\/\/schema.org","@graph":[{"@type":"Article","@id":"https:\/\/cyclingcambrils.com\/fr\/souvenirs-de-vacances-a-velo-a-cambrils\/#article","isPartOf":{"@id":"https:\/\/cyclingcambrils.com\/fr\/souvenirs-de-vacances-a-velo-a-cambrils\/"},"author":{"name":"iban","@id":"https:\/\/cyclingcambrils.com\/fr\/#\/schema\/person\/6e4f10916c8dd5c49acb64e671bdf0a8"},"headline":"Souvenirs de vacances \u00e0 v\u00e9lo \u00e0 Cambrils","datePublished":"2025-08-11T12:34:03+00:00","mainEntityOfPage":{"@id":"https:\/\/cyclingcambrils.com\/fr\/souvenirs-de-vacances-a-velo-a-cambrils\/"},"wordCount":796,"commentCount":0,"publisher":{"@id":"https:\/\/cyclingcambrils.com\/fr\/#organization"},"image":{"@id":"https:\/\/cyclingcambrils.com\/fr\/souvenirs-de-vacances-a-velo-a-cambrils\/#primaryimage"},"thumbnailUrl":"https:\/\/cyclingcambrils.com\/wp-content\/uploads\/2025\/08\/CAMBRILS-43-1-1.jpg","keywords":["Cambrils"],"articleSection":["Blog"],"inLanguage":"fr-FR","potentialAction":[{"@type":"CommentAction","name":"Comment","target":["https:\/\/cyclingcambrils.com\/fr\/souvenirs-de-vacances-a-velo-a-cambrils\/#respond"]}]},{"@type":"WebPage","@id":"https:\/\/cyclingcambrils.com\/fr\/souvenirs-de-vacances-a-velo-a-cambrils\/","url":"https:\/\/cyclingcambrils.com\/fr\/souvenirs-de-vacances-a-velo-a-cambrils\/","name":"Souvenirs de vacances \u00e0 v\u00e9lo \u00e0 Cambrils - Cambrils Cycling Paradise","isPartOf":{"@id":"https:\/\/cyclingcambrils.com\/fr\/#website"},"primaryImageOfPage":{"@id":"https:\/\/cyclingcambrils.com\/fr\/souvenirs-de-vacances-a-velo-a-cambrils\/#primaryimage"},"image":{"@id":"https:\/\/cyclingcambrils.com\/fr\/souvenirs-de-vacances-a-velo-a-cambrils\/#primaryimage"},"thumbnailUrl":"https:\/\/cyclingcambrils.com\/wp-content\/uploads\/2025\/08\/CAMBRILS-43-1-1.jpg","datePublished":"2025-08-11T12:34:03+00:00","breadcrumb":{"@id":"https:\/\/cyclingcambrils.com\/fr\/souvenirs-de-vacances-a-velo-a-cambrils\/#breadcrumb"},"inLanguage":"fr-FR","potentialAction":[{"@type":"ReadAction","target":["https:\/\/cyclingcambrils.com\/fr\/souvenirs-de-vacances-a-velo-a-cambrils\/"]}]},{"@type":"ImageObject","inLanguage":"fr-FR","@id":"https:\/\/cyclingcambrils.com\/fr\/souvenirs-de-vacances-a-velo-a-cambrils\/#primaryimage","url":"https:\/\/cyclingcambrils.com\/wp-content\/uploads\/2025\/08\/CAMBRILS-43-1-1.jpg","contentUrl":"https:\/\/cyclingcambrils.com\/wp-content\/uploads\/2025\/08\/CAMBRILS-43-1-1.jpg","width":900,"height":600},{"@type":"BreadcrumbList","@id":"https:\/\/cyclingcambrils.com\/fr\/souvenirs-de-vacances-a-velo-a-cambrils\/#breadcrumb","itemListElement":[{"@type":"ListItem","position":1,"name":"Portada","item":"https:\/\/cyclingcambrils.com\/fr\/"},{"@type":"ListItem","position":2,"name":"Souvenirs de vacances \u00e0 v\u00e9lo \u00e0 Cambrils"}]},{"@type":"WebSite","@id":"https:\/\/cyclingcambrils.com\/fr\/#website","url":"https:\/\/cyclingcambrils.com\/fr\/","name":"Cambrils Cycling Paradise","description":"Descubre el para\u00edso del ciclista","publisher":{"@id":"https:\/\/cyclingcambrils.com\/fr\/#organization"},"potentialAction":[{"@type":"SearchAction","target":{"@type":"EntryPoint","urlTemplate":"https:\/\/cyclingcambrils.com\/fr\/?s={search_term_string}"},"query-input":{"@type":"PropertyValueSpecification","valueRequired":true,"valueName":"search_term_string"}}],"inLanguage":"fr-FR"},{"@type":"Organization","@id":"https:\/\/cyclingcambrils.com\/fr\/#organization","name":"Cambrils Cycling Paradise","url":"https:\/\/cyclingcambrils.com\/fr\/","logo":{"@type":"ImageObject","inLanguage":"fr-FR","@id":"https:\/\/cyclingcambrils.com\/fr\/#\/schema\/logo\/image\/","url":"https:\/\/cyclingcambrils.com\/wp-content\/uploads\/2023\/04\/logo-cambrils-cycling-paradise.png","contentUrl":"https:\/\/cyclingcambrils.com\/wp-content\/uploads\/2023\/04\/logo-cambrils-cycling-paradise.png","width":600,"height":196,"caption":"Cambrils Cycling Paradise"},"image":{"@id":"https:\/\/cyclingcambrils.com\/fr\/#\/schema\/logo\/image\/"},"sameAs":["https:\/\/www.facebook.com\/CambrilsTurisme\/","https:\/\/www.instagram.com\/cambrilsturisme"]},{"@type":"Person","@id":"https:\/\/cyclingcambrils.com\/fr\/#\/schema\/person\/6e4f10916c8dd5c49acb64e671bdf0a8","name":"iban","image":{"@type":"ImageObject","inLanguage":"fr-FR","@id":"https:\/\/secure.gravatar.com\/avatar\/999f97df4560c00ff8bc15fa4f3d885bacdd4c58a1377c629714dac8f319a383?s=96&d=mm&r=g","url":"https:\/\/secure.gravatar.com\/avatar\/999f97df4560c00ff8bc15fa4f3d885bacdd4c58a1377c629714dac8f319a383?s=96&d=mm&r=g","contentUrl":"https:\/\/secure.gravatar.com\/avatar\/999f97df4560c00ff8bc15fa4f3d885bacdd4c58a1377c629714dac8f319a383?s=96&d=mm&r=g","caption":"iban"},"url":"https:\/\/cyclingcambrils.com\/fr\/author\/iban\/"}]}},"_links":{"self":[{"href":"https:\/\/cyclingcambrils.com\/fr\/wp-json\/wp\/v2\/posts\/14760","targetHints":{"allow":["GET"]}}],"collection":[{"href":"https:\/\/cyclingcambrils.com\/fr\/wp-json\/wp\/v2\/posts"}],"about":[{"href":"https:\/\/cyclingcambrils.com\/fr\/wp-json\/wp\/v2\/types\/post"}],"author":[{"embeddable":true,"href":"https:\/\/cyclingcambrils.com\/fr\/wp-json\/wp\/v2\/users\/22"}],"replies":[{"embeddable":true,"href":"https:\/\/cyclingcambrils.com\/fr\/wp-json\/wp\/v2\/comments?post=14760"}],"version-history":[{"count":0,"href":"https:\/\/cyclingcambrils.com\/fr\/wp-json\/wp\/v2\/posts\/14760\/revisions"}],"wp:featuredmedia":[{"embeddable":true,"href":"https:\/\/cyclingcambrils.com\/fr\/wp-json\/wp\/v2\/media\/14742"}],"wp:attachment":[{"href":"https:\/\/cyclingcambrils.com\/fr\/wp-json\/wp\/v2\/media?parent=14760"}],"wp:term":[{"taxonomy":"category","embeddable":true,"href":"https:\/\/cyclingcambrils.com\/fr\/wp-json\/wp\/v2\/categories?post=14760"},{"taxonomy":"post_tag","embeddable":true,"href":"https:\/\/cyclingcambrils.com\/fr\/wp-json\/wp\/v2\/tags?post=14760"}],"curies":[{"name":"wp","href":"https:\/\/api.w.org\/{rel}","templated":true}]}}