{"id":8402,"date":"2021-10-04T13:36:48","date_gmt":"2021-10-04T13:36:48","guid":{"rendered":"https:\/\/cyclingcambrils.com\/vacances-a-velo-a-cambrils\/"},"modified":"2021-10-04T13:36:48","modified_gmt":"2021-10-04T13:36:48","slug":"vacances-a-velo-a-cambrils","status":"publish","type":"post","link":"https:\/\/cyclingcambrils.com\/fr\/vacances-a-velo-a-cambrils\/","title":{"rendered":"Vacances \u00e0 v\u00e9lo \u00e0 Cambrils"},"content":{"rendered":"<p>Sylvain nous parle depuis son Qu\u00e9bec natal, au Canada, o\u00f9 il vit toute l&rsquo;ann\u00e9e, en pensant aux jours o\u00f9 il prendra son v\u00e9lo et se prom\u00e8nera \u00e0 Cambrils : \u00a0\u00bb J&rsquo;ai pens\u00e9 aux jours o\u00f9 je ferai du v\u00e9lo \u00e0 Cambrils.<em>Pour moi, le <strong>cyclisme est un sport qui me permet<\/strong> de rester en forme, mais le plus important est de rester en bonne sant\u00e9 pendant ma retraite.<\/em>\u00ab\u00a0.<\/p>\n<p>Il se consid\u00e8re comme \u00ab\u00a0un cycliste moyen\u00a0\u00bb et parcourt environ 7 000 kilom\u00e8tres par an. \u00ab\u00a0<em>Je fais du v\u00e9lo pour le plaisir<\/em>\u00ab\u00a0, poursuit-il, et il admet donc que \u00ab\u00a0[ ?<strong><br \/>\n  <em>relever \u00e0 nouveau le d\u00e9fi des montagnes autour de Cambrils me procure une grande satisfaction.<\/em><br \/>\n<\/strong><em>. Je connaissais Cambrils lorsque je visitais Majorque. Six ans apr\u00e8s avoir parcouru \u00e0 v\u00e9lo la Serra de Tramuntana et le centre de l&rsquo;\u00eele, j&rsquo;avais besoin d&rsquo;un changement. Mes amis qu\u00e9b\u00e9cois m&rsquo;ont parl\u00e9 de Denia et de Cambrils, mais j&rsquo;ai essay\u00e9 Cambrils il y a quatre ans et j&rsquo;y reviens depuis.<\/em>\u00ab\u00a0.<\/p>\n<p>Joris est belge et vient d&rsquo;un endroit o\u00f9<em>\u00ab\u00a0le cyclisme n&rsquo;est pas un sport, c&rsquo;est une religion<\/em>\u00ab\u00a0. Il est consid\u00e9r\u00e9 comme \u00ab\u00a0<em>quelque peu comp\u00e9titif mais amical. Tout bon voyage \u00e0 v\u00e9lo se termine par une bi\u00e8re entre amis.<\/em>\u00ab\u00a0.<\/p>\n<p>C&rsquo;est dans ce contexte qu&rsquo;il a appris \u00e0 conna\u00eetre Cambrils il y a plus de dix ans.<em>D\u00e8s le premier \u00e9t\u00e9 que j&rsquo;ai pass\u00e9 \u00e0 Cambrils, j&rsquo;ai commenc\u00e9 \u00e0 faire du v\u00e9lo, car je <strong>ne suis pas du genre \u00e0 passer toute la journ\u00e9e sur la plage<\/strong>. Ma premi\u00e8re sortie a commenc\u00e9 dans la Serra de Llaberia, et je suis rapidement tomb\u00e9e amoureuse de l&rsquo;endroit. Depuis, la premi\u00e8re chose que je fais lorsque nous partons en vacances est de charger le v\u00e9lo dans la voiture. Nous avons d\u00e9j\u00e0 une maison de vacances \u00e0 Cambrils, et j&rsquo;y vais plusieurs fois par an, y compris une r\u00e9union r\u00e9guli\u00e8re avec d&rsquo;autres amis cyclistes pour sortir dans la r\u00e9gion.<\/em>\u00ab\u00a0.<\/p>\n<p><strong>Pourquoi faire du v\u00e9lo \u00e0 Cambrils ?<\/strong><\/p>\n<p><em>La Costa Daurada, et en particulier Cambrils et ses environs, est un endroit tr\u00e8s attrayant pour les cyclistes en raison du nombre d&rsquo;itin\u00e9raires possibles, pour tous les niveaux<\/em> \u00ab\u00a0, poursuit Sylvain. <strong><br \/>\n  <em>J&rsquo;appr\u00e9cie la s\u00e9curit\u00e9 des routes et le respect des automobilistes.<\/em><br \/>\n<\/strong>\u00ab\u00a0.<\/p>\n<p>Joris ajoute le climat \u00ab\u00a0<em>J&rsquo;aime le climat, m\u00eame si certains jours il y a un peu de vent, mais ce n&rsquo;est pas un probl\u00e8me. Vous pouvez rouler sur le plat, mais vous pouvez aussi vous enfoncer dans les terres et rencontrer des mont\u00e9es plus longues.  <strong>L&rsquo;environnement est magnifique, on n&rsquo;est jamais seul, on rencontre toujours d&rsquo;autres cyclistes.<\/strong><\/em>\u00ab\u00a0.<\/p>\n<p><em>Prendre des photos au milieu des vignes, des amandiers et des orangers<\/em>&#8230;\u00a0\u00bb, poursuit Sylvain.  <em>vous met en contact direct avec la nature catalane. \u00c0 la fin <strong>de la journ\u00e9e de v\u00e9lo, du vin et un bon repas vous attendent<\/strong>. Sortir dans le village l&rsquo;apr\u00e8s-midi, d\u00e9guster des tapas, rencontrer des gens, entrer dans les magasins et d\u00e9couvrir des lieux charg\u00e9s d&rsquo;histoire, c&rsquo;est quelque chose que j&rsquo;appr\u00e9cie beaucoup chaque ann\u00e9e.<\/em>\u00ab\u00a0.<\/p>\n<p>Il ajoute : \u00ab\u00a0<strong><br \/>\n  <em>La temp\u00e9rature est parfaite au printemps comme \u00e0 l&rsquo;automne.<\/em><br \/>\n<\/strong><em>. Les six premiers kilom\u00e8tres \u00e0 la sortie de Cambrils peuvent \u00eatre un peu ennuyeux, mais \u00e0 partir de l\u00e0, les premi\u00e8res mont\u00e9es commencent.<\/em>\u00a0\u00bb<\/p>\n<p><strong>Quelques itin\u00e9raires cyclables au d\u00e9part et \u00e0 l&rsquo;arriv\u00e9e de Cambrils<\/strong><\/p>\n<p>Dans le carnet de Sylvain, on trouve &#8230;<\/p>\n<p>1-Coldejou\/Marca\/Falset\/Falset\/directionPorrera\/ retour par Teixeta\/Cambrils 77 kms&amp; 1226 m\u00e8tres<\/p>\n<p>2- Llaberia, retour par Cami de Pratdip 85 km et 1378 m\u00e8tresou<\/p>\n<p>Llaberia A\/R 78 km 1075 m\u00e8tres possibilit\u00e9 de prendre Hospitalet<\/p>\n<p>82 kms&amp;1211 m\u00e8tres<\/p>\n<p>3- Escornalbou \u00e0 l&rsquo;horizon : Vinyols\/ Ruidoms\/ Montbrio\/ Villanova\/ Ch\u00e2teau d&rsquo;Escornalbou\/ Argentera\/ retour par Montbri\u00f3 60 kms&amp;800 m\u00e8tres<\/p>\n<p>4- Vinyols\/ Ruidoms\/ Les Borges\/ Maspujols\/ Alexia&rsquo;s\/ Villaplana\/ Mussara\/ retour par Alforja 77 kms&amp;1256 m\u00e8tres<\/p>\n<p>5- Mont\u00e9e de la Teixeta et passage \u00e0 Porrera avec retour par Falset et Colldejou.<\/p>\n<p>6- Vinyols\/ Ruidoms\/ Alforja\/ Portugal\/ Selva\/ retour par Reus\/ Vinyols\/ Cami<\/p>\n<p>62 kms&amp;830 m\u00e8tres<\/p>\n<p>7- Montroig\/ Coldejou\/ Marca\/ El Masroig\/ El Molar\/ El LLoar\/ Grataloops\/ Torroja Del Priorat\/ Porrera\/ retour par Texeita 105 kms&amp;1900 m\u00e8tres<\/p>\n<p>8- Pratdip\/ C44\/ Tivissa\/ Serra D&rsquo;Almos\/ Darmos\/ El Masroig\/ Marca\/ vueltapor Colldejou 102 kms&amp; 1614 m\u00e8tres<\/p>\n<p>9- Vinyols\/ Ruidoms\/ N420 jusqu&rsquo;\u00e0 aurondpointversAlexeiar\/ Villaplana\/ Selva\/ L&rsquo;Albiol\/ traversant la Mussara\/ retour Alforja 94 kms&amp; 1428 m\u00e8tres<\/p>\n<p>\u00ab\u00a0Ce<em>sont mes itin\u00e9raires pr\u00e9f\u00e9r\u00e9s, avec de nombreuses alternatives en fonction de la forme physique dans laquelle vous vous trouvez \u00e0 un moment donn\u00e9<\/em>\u00ab\u00a0, dit Sylvain, qui admet que<em>\u00ab\u00a0je ne peux que recommander Cambrils, pour ses diff\u00e9rents itin\u00e9raires, la s\u00e9curit\u00e9, le peu de circulation dans de nombreux endroits et la gentillesse des gens s&rsquo;ils vous voient<\/em>en difficult\u00e9\u00a0\u00bb.<\/p>\n<p>Joris conclut<em>: \u00ab\u00a0Je recommanderais cet endroit \u00e0 d&rsquo;autres cyclistes, mais je voudrais garder le bijou en s\u00e9curit\u00e9&#8230;\u00a0\u00bb<\/em>.<\/p>\n","protected":false},"excerpt":{"rendered":"<p>Integer amet miut ipsum molestie bibendum vitae sitat ligula fermentum tellus<\/p>\n","protected":false},"author":20,"featured_media":0,"comment_status":"open","ping_status":"open","sticky":false,"template":"","format":"standard","meta":{"_acf_changed":false,"footnotes":""},"categories":[215],"tags":[],"class_list":["post-8402","post","type-post","status-publish","format-standard","hentry","category-blog-fr"],"acf":[],"yoast_head":"<!-- This site is optimized with the Yoast SEO plugin v27.4 - https:\/\/yoast.com\/product\/yoast-seo-wordpress\/ -->\n<title>Vacances \u00e0 v\u00e9lo \u00e0 Cambrils - Cambrils Cycling Paradise<\/title>\n<meta name=\"robots\" content=\"index, follow, max-snippet:-1, max-image-preview:large, max-video-preview:-1\" \/>\n<link rel=\"canonical\" href=\"https:\/\/cyclingcambrils.com\/fr\/vacances-a-velo-a-cambrils\/\" \/>\n<meta property=\"og:locale\" content=\"fr_FR\" \/>\n<meta property=\"og:type\" content=\"article\" \/>\n<meta property=\"og:title\" content=\"Vacances \u00e0 v\u00e9lo \u00e0 Cambrils - Cambrils Cycling Paradise\" \/>\n<meta property=\"og:description\" content=\"Integer amet miut ipsum molestie bibendum vitae sitat ligula fermentum tellus\" \/>\n<meta property=\"og:url\" content=\"https:\/\/cyclingcambrils.com\/fr\/vacances-a-velo-a-cambrils\/\" \/>\n<meta property=\"og:site_name\" content=\"Cambrils Cycling Paradise\" \/>\n<meta property=\"article:publisher\" content=\"https:\/\/www.facebook.com\/CambrilsTurisme\/\" \/>\n<meta property=\"article:published_time\" content=\"2021-10-04T13:36:48+00:00\" \/>\n<meta name=\"author\" content=\"Turisme de Cambrils\" \/>\n<meta name=\"twitter:card\" content=\"summary_large_image\" \/>\n<meta name=\"twitter:label1\" content=\"\u00c9crit par\" \/>\n\t<meta name=\"twitter:data1\" content=\"Turisme de Cambrils\" \/>\n\t<meta name=\"twitter:label2\" content=\"Dur\u00e9e de lecture estim\u00e9e\" \/>\n\t<meta name=\"twitter:data2\" content=\"4 minutes\" \/>\n<script type=\"application\/ld+json\" class=\"yoast-schema-graph\">{\"@context\":\"https:\\\/\\\/schema.org\",\"@graph\":[{\"@type\":\"Article\",\"@id\":\"https:\\\/\\\/cyclingcambrils.com\\\/fr\\\/vacances-a-velo-a-cambrils\\\/#article\",\"isPartOf\":{\"@id\":\"https:\\\/\\\/cyclingcambrils.com\\\/fr\\\/vacances-a-velo-a-cambrils\\\/\"},\"author\":{\"name\":\"Turisme de Cambrils\",\"@id\":\"https:\\\/\\\/cyclingcambrils.com\\\/fr\\\/#\\\/schema\\\/person\\\/a65d7af6b7e30887f9812d450f262276\"},\"headline\":\"Vacances \u00e0 v\u00e9lo \u00e0 Cambrils\",\"datePublished\":\"2021-10-04T13:36:48+00:00\",\"mainEntityOfPage\":{\"@id\":\"https:\\\/\\\/cyclingcambrils.com\\\/fr\\\/vacances-a-velo-a-cambrils\\\/\"},\"wordCount\":849,\"commentCount\":0,\"publisher\":{\"@id\":\"https:\\\/\\\/cyclingcambrils.com\\\/fr\\\/#organization\"},\"articleSection\":[\"Blog\"],\"inLanguage\":\"fr-FR\",\"potentialAction\":[{\"@type\":\"CommentAction\",\"name\":\"Comment\",\"target\":[\"https:\\\/\\\/cyclingcambrils.com\\\/fr\\\/vacances-a-velo-a-cambrils\\\/#respond\"]}]},{\"@type\":\"WebPage\",\"@id\":\"https:\\\/\\\/cyclingcambrils.com\\\/fr\\\/vacances-a-velo-a-cambrils\\\/\",\"url\":\"https:\\\/\\\/cyclingcambrils.com\\\/fr\\\/vacances-a-velo-a-cambrils\\\/\",\"name\":\"Vacances \u00e0 v\u00e9lo \u00e0 Cambrils - Cambrils Cycling Paradise\",\"isPartOf\":{\"@id\":\"https:\\\/\\\/cyclingcambrils.com\\\/fr\\\/#website\"},\"datePublished\":\"2021-10-04T13:36:48+00:00\",\"breadcrumb\":{\"@id\":\"https:\\\/\\\/cyclingcambrils.com\\\/fr\\\/vacances-a-velo-a-cambrils\\\/#breadcrumb\"},\"inLanguage\":\"fr-FR\",\"potentialAction\":[{\"@type\":\"ReadAction\",\"target\":[\"https:\\\/\\\/cyclingcambrils.com\\\/fr\\\/vacances-a-velo-a-cambrils\\\/\"]}]},{\"@type\":\"BreadcrumbList\",\"@id\":\"https:\\\/\\\/cyclingcambrils.com\\\/fr\\\/vacances-a-velo-a-cambrils\\\/#breadcrumb\",\"itemListElement\":[{\"@type\":\"ListItem\",\"position\":1,\"name\":\"Portada\",\"item\":\"https:\\\/\\\/cyclingcambrils.com\\\/fr\\\/\"},{\"@type\":\"ListItem\",\"position\":2,\"name\":\"Vacances \u00e0 v\u00e9lo \u00e0 Cambrils\"}]},{\"@type\":\"WebSite\",\"@id\":\"https:\\\/\\\/cyclingcambrils.com\\\/fr\\\/#website\",\"url\":\"https:\\\/\\\/cyclingcambrils.com\\\/fr\\\/\",\"name\":\"Cambrils Cycling Paradise\",\"description\":\"Descubre el para\u00edso del ciclista\",\"publisher\":{\"@id\":\"https:\\\/\\\/cyclingcambrils.com\\\/fr\\\/#organization\"},\"potentialAction\":[{\"@type\":\"SearchAction\",\"target\":{\"@type\":\"EntryPoint\",\"urlTemplate\":\"https:\\\/\\\/cyclingcambrils.com\\\/fr\\\/?s={search_term_string}\"},\"query-input\":{\"@type\":\"PropertyValueSpecification\",\"valueRequired\":true,\"valueName\":\"search_term_string\"}}],\"inLanguage\":\"fr-FR\"},{\"@type\":\"Organization\",\"@id\":\"https:\\\/\\\/cyclingcambrils.com\\\/fr\\\/#organization\",\"name\":\"Cambrils Cycling Paradise\",\"url\":\"https:\\\/\\\/cyclingcambrils.com\\\/fr\\\/\",\"logo\":{\"@type\":\"ImageObject\",\"inLanguage\":\"fr-FR\",\"@id\":\"https:\\\/\\\/cyclingcambrils.com\\\/fr\\\/#\\\/schema\\\/logo\\\/image\\\/\",\"url\":\"https:\\\/\\\/cyclingcambrils.com\\\/wp-content\\\/uploads\\\/2023\\\/04\\\/logo-cambrils-cycling-paradise.png\",\"contentUrl\":\"https:\\\/\\\/cyclingcambrils.com\\\/wp-content\\\/uploads\\\/2023\\\/04\\\/logo-cambrils-cycling-paradise.png\",\"width\":600,\"height\":196,\"caption\":\"Cambrils Cycling Paradise\"},\"image\":{\"@id\":\"https:\\\/\\\/cyclingcambrils.com\\\/fr\\\/#\\\/schema\\\/logo\\\/image\\\/\"},\"sameAs\":[\"https:\\\/\\\/www.facebook.com\\\/CambrilsTurisme\\\/\",\"https:\\\/\\\/www.instagram.com\\\/cambrilsturisme\"]},{\"@type\":\"Person\",\"@id\":\"https:\\\/\\\/cyclingcambrils.com\\\/fr\\\/#\\\/schema\\\/person\\\/a65d7af6b7e30887f9812d450f262276\",\"name\":\"Turisme de Cambrils\",\"image\":{\"@type\":\"ImageObject\",\"inLanguage\":\"fr-FR\",\"@id\":\"https:\\\/\\\/secure.gravatar.com\\\/avatar\\\/91e207e17359cf1c1b272a3acb9a6a8e218fed01acd66cc2c75ab5571cffd3bd?s=96&d=mm&r=g\",\"url\":\"https:\\\/\\\/secure.gravatar.com\\\/avatar\\\/91e207e17359cf1c1b272a3acb9a6a8e218fed01acd66cc2c75ab5571cffd3bd?s=96&d=mm&r=g\",\"contentUrl\":\"https:\\\/\\\/secure.gravatar.com\\\/avatar\\\/91e207e17359cf1c1b272a3acb9a6a8e218fed01acd66cc2c75ab5571cffd3bd?s=96&d=mm&r=g\",\"caption\":\"Turisme de Cambrils\"},\"sameAs\":[\"https:\\\/\\\/cyclingcambrils.com\"],\"url\":\"https:\\\/\\\/cyclingcambrils.com\\\/fr\\\/author\\\/vadimkoryagin\\\/\"}]}<\/script>\n<!-- \/ Yoast SEO plugin. -->","yoast_head_json":{"title":"Vacances \u00e0 v\u00e9lo \u00e0 Cambrils - Cambrils Cycling Paradise","robots":{"index":"index","follow":"follow","max-snippet":"max-snippet:-1","max-image-preview":"max-image-preview:large","max-video-preview":"max-video-preview:-1"},"canonical":"https:\/\/cyclingcambrils.com\/fr\/vacances-a-velo-a-cambrils\/","og_locale":"fr_FR","og_type":"article","og_title":"Vacances \u00e0 v\u00e9lo \u00e0 Cambrils - Cambrils Cycling Paradise","og_description":"Integer amet miut ipsum molestie bibendum vitae sitat ligula fermentum tellus","og_url":"https:\/\/cyclingcambrils.com\/fr\/vacances-a-velo-a-cambrils\/","og_site_name":"Cambrils Cycling Paradise","article_publisher":"https:\/\/www.facebook.com\/CambrilsTurisme\/","article_published_time":"2021-10-04T13:36:48+00:00","author":"Turisme de Cambrils","twitter_card":"summary_large_image","twitter_misc":{"\u00c9crit par":"Turisme de Cambrils","Dur\u00e9e de lecture estim\u00e9e":"4 minutes"},"schema":{"@context":"https:\/\/schema.org","@graph":[{"@type":"Article","@id":"https:\/\/cyclingcambrils.com\/fr\/vacances-a-velo-a-cambrils\/#article","isPartOf":{"@id":"https:\/\/cyclingcambrils.com\/fr\/vacances-a-velo-a-cambrils\/"},"author":{"name":"Turisme de Cambrils","@id":"https:\/\/cyclingcambrils.com\/fr\/#\/schema\/person\/a65d7af6b7e30887f9812d450f262276"},"headline":"Vacances \u00e0 v\u00e9lo \u00e0 Cambrils","datePublished":"2021-10-04T13:36:48+00:00","mainEntityOfPage":{"@id":"https:\/\/cyclingcambrils.com\/fr\/vacances-a-velo-a-cambrils\/"},"wordCount":849,"commentCount":0,"publisher":{"@id":"https:\/\/cyclingcambrils.com\/fr\/#organization"},"articleSection":["Blog"],"inLanguage":"fr-FR","potentialAction":[{"@type":"CommentAction","name":"Comment","target":["https:\/\/cyclingcambrils.com\/fr\/vacances-a-velo-a-cambrils\/#respond"]}]},{"@type":"WebPage","@id":"https:\/\/cyclingcambrils.com\/fr\/vacances-a-velo-a-cambrils\/","url":"https:\/\/cyclingcambrils.com\/fr\/vacances-a-velo-a-cambrils\/","name":"Vacances \u00e0 v\u00e9lo \u00e0 Cambrils - Cambrils Cycling Paradise","isPartOf":{"@id":"https:\/\/cyclingcambrils.com\/fr\/#website"},"datePublished":"2021-10-04T13:36:48+00:00","breadcrumb":{"@id":"https:\/\/cyclingcambrils.com\/fr\/vacances-a-velo-a-cambrils\/#breadcrumb"},"inLanguage":"fr-FR","potentialAction":[{"@type":"ReadAction","target":["https:\/\/cyclingcambrils.com\/fr\/vacances-a-velo-a-cambrils\/"]}]},{"@type":"BreadcrumbList","@id":"https:\/\/cyclingcambrils.com\/fr\/vacances-a-velo-a-cambrils\/#breadcrumb","itemListElement":[{"@type":"ListItem","position":1,"name":"Portada","item":"https:\/\/cyclingcambrils.com\/fr\/"},{"@type":"ListItem","position":2,"name":"Vacances \u00e0 v\u00e9lo \u00e0 Cambrils"}]},{"@type":"WebSite","@id":"https:\/\/cyclingcambrils.com\/fr\/#website","url":"https:\/\/cyclingcambrils.com\/fr\/","name":"Cambrils Cycling Paradise","description":"Descubre el para\u00edso del ciclista","publisher":{"@id":"https:\/\/cyclingcambrils.com\/fr\/#organization"},"potentialAction":[{"@type":"SearchAction","target":{"@type":"EntryPoint","urlTemplate":"https:\/\/cyclingcambrils.com\/fr\/?s={search_term_string}"},"query-input":{"@type":"PropertyValueSpecification","valueRequired":true,"valueName":"search_term_string"}}],"inLanguage":"fr-FR"},{"@type":"Organization","@id":"https:\/\/cyclingcambrils.com\/fr\/#organization","name":"Cambrils Cycling Paradise","url":"https:\/\/cyclingcambrils.com\/fr\/","logo":{"@type":"ImageObject","inLanguage":"fr-FR","@id":"https:\/\/cyclingcambrils.com\/fr\/#\/schema\/logo\/image\/","url":"https:\/\/cyclingcambrils.com\/wp-content\/uploads\/2023\/04\/logo-cambrils-cycling-paradise.png","contentUrl":"https:\/\/cyclingcambrils.com\/wp-content\/uploads\/2023\/04\/logo-cambrils-cycling-paradise.png","width":600,"height":196,"caption":"Cambrils Cycling Paradise"},"image":{"@id":"https:\/\/cyclingcambrils.com\/fr\/#\/schema\/logo\/image\/"},"sameAs":["https:\/\/www.facebook.com\/CambrilsTurisme\/","https:\/\/www.instagram.com\/cambrilsturisme"]},{"@type":"Person","@id":"https:\/\/cyclingcambrils.com\/fr\/#\/schema\/person\/a65d7af6b7e30887f9812d450f262276","name":"Turisme de Cambrils","image":{"@type":"ImageObject","inLanguage":"fr-FR","@id":"https:\/\/secure.gravatar.com\/avatar\/91e207e17359cf1c1b272a3acb9a6a8e218fed01acd66cc2c75ab5571cffd3bd?s=96&d=mm&r=g","url":"https:\/\/secure.gravatar.com\/avatar\/91e207e17359cf1c1b272a3acb9a6a8e218fed01acd66cc2c75ab5571cffd3bd?s=96&d=mm&r=g","contentUrl":"https:\/\/secure.gravatar.com\/avatar\/91e207e17359cf1c1b272a3acb9a6a8e218fed01acd66cc2c75ab5571cffd3bd?s=96&d=mm&r=g","caption":"Turisme de Cambrils"},"sameAs":["https:\/\/cyclingcambrils.com"],"url":"https:\/\/cyclingcambrils.com\/fr\/author\/vadimkoryagin\/"}]}},"_links":{"self":[{"href":"https:\/\/cyclingcambrils.com\/fr\/wp-json\/wp\/v2\/posts\/8402","targetHints":{"allow":["GET"]}}],"collection":[{"href":"https:\/\/cyclingcambrils.com\/fr\/wp-json\/wp\/v2\/posts"}],"about":[{"href":"https:\/\/cyclingcambrils.com\/fr\/wp-json\/wp\/v2\/types\/post"}],"author":[{"embeddable":true,"href":"https:\/\/cyclingcambrils.com\/fr\/wp-json\/wp\/v2\/users\/20"}],"replies":[{"embeddable":true,"href":"https:\/\/cyclingcambrils.com\/fr\/wp-json\/wp\/v2\/comments?post=8402"}],"version-history":[{"count":0,"href":"https:\/\/cyclingcambrils.com\/fr\/wp-json\/wp\/v2\/posts\/8402\/revisions"}],"wp:attachment":[{"href":"https:\/\/cyclingcambrils.com\/fr\/wp-json\/wp\/v2\/media?parent=8402"}],"wp:term":[{"taxonomy":"category","embeddable":true,"href":"https:\/\/cyclingcambrils.com\/fr\/wp-json\/wp\/v2\/categories?post=8402"},{"taxonomy":"post_tag","embeddable":true,"href":"https:\/\/cyclingcambrils.com\/fr\/wp-json\/wp\/v2\/tags?post=8402"}],"curies":[{"name":"wp","href":"https:\/\/api.w.org\/{rel}","templated":true}]}}