{"id":15537,"date":"2026-04-21T12:29:39","date_gmt":"2026-04-21T12:29:39","guid":{"rendered":"https:\/\/cyclingcambrils.com\/conto-alla-rovescia-per-cambribike\/"},"modified":"2026-04-21T12:29:39","modified_gmt":"2026-04-21T12:29:39","slug":"conto-alla-rovescia-per-cambribike","status":"publish","type":"post","link":"https:\/\/cyclingcambrils.com\/it\/conto-alla-rovescia-per-cambribike\/","title":{"rendered":"Conto alla rovescia per Cambribike"},"content":{"rendered":"<p>Benvenuti nel paradiso delle due ruote! Tra un mese arriva CambriBike; non \u00e8 solo un evento sportivo, \u00e8 il pi\u00f9 grande festival ciclistico di Cambrils, che trasforma questa cittadina della Costa Daurada nell&#8217;epicentro della passione per il ciclismo. <\/p>\n<p>Con un approccio inclusivo e dinamico, l&#8217;evento propone una vasta gamma di attivit\u00e0 che spaziano dalla professionalit\u00e0 pi\u00f9 esigente al divertimento dei pi\u00f9 piccoli.<\/p>\n<p>L&#8217;avventura di solito inizia con l&#8217;adrenalina dei <a href=\"https:\/\/www.naturetime.es\/cambribike\/\" target=\"_blank\" rel=\"noopener\">Cambrils BTT Or\u00edgens<\/a> .<\/p>\n<p>I partecipanti possono scegliere tra diversi percorsi (da 22 a 55 km) che si snodano attraverso i paesaggi interni, offrendo di tutto, dalle tranquille passeggiate alle sfide tecniche con salite cronometrate per i pi\u00f9 competitivi.<\/p>\n<p>Ma la diversit\u00e0 non si ferma qui: la modalit\u00e0 Gravel ha acquisito un peso considerevole, consentendo ai ciclisti di esplorare strade miste con quel mix unico di velocit\u00e0 e avventura.<\/p>\n<p><img decoding=\"async\" class=\"lazyload size-full wp-image-15499 aligncenter\" src=\"https:\/\/cyclingcambrils.com\/wp-content\/uploads\/2026\/03\/Cambrils-BTT-Origens-salida.jpg\" data-orig-src=\"https:\/\/cyclingcambrils.com\/wp-content\/uploads\/2026\/03\/Cambrils-BTT-Origens-salida.jpg\" alt=\"\" width=\"900\" height=\"600\" srcset=\"data:image\/svg+xml,%3Csvg%20xmlns%3D%27http%3A%2F%2Fwww.w3.org%2F2000%2Fsvg%27%20width%3D%27900%27%20height%3D%27600%27%20viewBox%3D%270%200%20900%20600%27%3E%3Crect%20width%3D%27900%27%20height%3D%27600%27%20fill-opacity%3D%220%22%2F%3E%3C%2Fsvg%3E\" data-srcset=\"https:\/\/cyclingcambrils.com\/wp-content\/uploads\/2026\/03\/Cambrils-BTT-Origens-salida-200x133.jpg 200w, https:\/\/cyclingcambrils.com\/wp-content\/uploads\/2026\/03\/Cambrils-BTT-Origens-salida-300x200.jpg 300w, https:\/\/cyclingcambrils.com\/wp-content\/uploads\/2026\/03\/Cambrils-BTT-Origens-salida-400x267.jpg 400w, https:\/\/cyclingcambrils.com\/wp-content\/uploads\/2026\/03\/Cambrils-BTT-Origens-salida-600x400.jpg 600w, https:\/\/cyclingcambrils.com\/wp-content\/uploads\/2026\/03\/Cambrils-BTT-Origens-salida-768x512.jpg 768w, https:\/\/cyclingcambrils.com\/wp-content\/uploads\/2026\/03\/Cambrils-BTT-Origens-salida-800x533.jpg 800w, https:\/\/cyclingcambrils.com\/wp-content\/uploads\/2026\/03\/Cambrils-BTT-Origens-salida.jpg 900w\" data-sizes=\"auto\" data-orig-sizes=\"(max-width: 900px) 100vw, 900px\" \/><\/p>\n<p>Per gli appassionati di ciclismo su strada, la <strong><a href=\"https:\/\/www.naturetime.es\/marcha-cicloturismo-cambrils\/\" target=\"_blank\" rel=\"noopener\">Bioracer Cambrils Road<\/a> \u00e8 l&#8217;evento imperdibile<\/strong> . Questo tour ciclistico di lunga distanza mette alla prova anche i ciclisti pi\u00f9 coraggiosi con passi di montagna iconici e viste spettacolari sul Mediterraneo. \u00c8 un momento in cui la realizzazione personale e il cameratismo si fondono sotto l&#8217;arco del traguardo, il tutto coronato da una generosa fideu\u00e0 (una paella tradizionale) per recuperare le energie.  <\/p>\n<p>Tuttavia, il cuore pulsante di CambriBike si trova soprattutto a Pinaret Park, trasformato in una vivace &#8220;Bike Expo&#8221;. Qui, le famiglie sono le protagoniste. I bambini si divertono con la Kids Cup, percorsi a ostacoli con rampe e sfide di abilit\u00e0, e laboratori di sicurezza stradale pensati per formare i ciclisti del futuro. Non mancano poi spettacoli di Bike Trial, dove esperti sfidano la gravit\u00e0, e sessioni di Indoor Cycling guidate da personaggi come Melcior Mauri, che infondono energia a tutti con musica e pedalate statiche.   <\/p>\n<p>Il gran finale \u00e8 il Bike Festival, una popolare pedalata urbana in cui costumi e biciclette d&#8217;epoca riempiono le strade di gioia. Insomma, CambriBike \u00e8 un evento fluido e dinamico che dimostra come il ciclismo sia molto pi\u00f9 di uno sport: \u00e8 uno stile di vita che unisce generazioni, promuove il turismo sostenibile e, soprattutto, ci invita a goderci la vita all&#8217;aria aperta con il sorriso. Andiamo a pedalare!  <\/p>\n<p>Immagine: Blanca de la Sotilla<\/p>\n","protected":false},"excerpt":{"rendered":"<p>Benvenuti nel paradiso delle due ruote! Tra un mese arriva  &#8230;<\/p>\n","protected":false},"author":22,"featured_media":15528,"comment_status":"open","ping_status":"open","sticky":false,"template":"","format":"standard","meta":{"_acf_changed":false,"footnotes":""},"categories":[217],"tags":[328],"class_list":["post-15537","post","type-post","status-publish","format-standard","has-post-thumbnail","hentry","category-blog-it","tag-cambribike-it"],"acf":[],"yoast_head":"<!-- This site is optimized with the Yoast SEO plugin v27.4 - https:\/\/yoast.com\/product\/yoast-seo-wordpress\/ -->\n<title>CambriBike non \u00e8 solo un evento sportivo, \u00e8 il pi\u00f9 grande festival ciclistico di Cambrils.<\/title>\n<meta name=\"description\" content=\"Benvenuti nel paradiso delle due ruote! CambriBike non \u00e8 solo un evento sportivo, \u00e8 il pi\u00f9 grande festival ciclistico di Cambrils!\" \/>\n<meta name=\"robots\" content=\"index, follow, max-snippet:-1, max-image-preview:large, max-video-preview:-1\" \/>\n<link rel=\"canonical\" href=\"https:\/\/cyclingcambrils.com\/it\/conto-alla-rovescia-per-cambribike\/\" \/>\n<meta property=\"og:locale\" content=\"it_IT\" \/>\n<meta property=\"og:type\" content=\"article\" \/>\n<meta property=\"og:title\" content=\"CambriBike non \u00e8 solo un evento sportivo, \u00e8 il pi\u00f9 grande festival ciclistico di Cambrils.\" \/>\n<meta property=\"og:description\" content=\"Benvenuti nel paradiso delle due ruote! CambriBike non \u00e8 solo un evento sportivo, \u00e8 il pi\u00f9 grande festival ciclistico di Cambrils!\" \/>\n<meta property=\"og:url\" content=\"https:\/\/cyclingcambrils.com\/it\/conto-alla-rovescia-per-cambribike\/\" \/>\n<meta property=\"og:site_name\" content=\"Cambrils Cycling Paradise\" \/>\n<meta property=\"article:publisher\" content=\"https:\/\/www.facebook.com\/CambrilsTurisme\/\" \/>\n<meta property=\"article:published_time\" content=\"2026-04-21T12:29:39+00:00\" \/>\n<meta property=\"og:image\" content=\"https:\/\/cyclingcambrils.com\/wp-content\/uploads\/2026\/04\/cambribike-btt.jpg\" \/>\n\t<meta property=\"og:image:width\" content=\"900\" \/>\n\t<meta property=\"og:image:height\" content=\"598\" \/>\n\t<meta property=\"og:image:type\" content=\"image\/jpeg\" \/>\n<meta name=\"author\" content=\"iban\" \/>\n<meta name=\"twitter:card\" content=\"summary_large_image\" \/>\n<meta name=\"twitter:label1\" content=\"Scritto da\" \/>\n\t<meta name=\"twitter:data1\" content=\"iban\" \/>\n\t<meta name=\"twitter:label2\" content=\"Tempo di lettura stimato\" \/>\n\t<meta name=\"twitter:data2\" content=\"2 minuti\" \/>\n<script type=\"application\/ld+json\" class=\"yoast-schema-graph\">{\"@context\":\"https:\\\/\\\/schema.org\",\"@graph\":[{\"@type\":\"Article\",\"@id\":\"https:\\\/\\\/cyclingcambrils.com\\\/it\\\/conto-alla-rovescia-per-cambribike\\\/#article\",\"isPartOf\":{\"@id\":\"https:\\\/\\\/cyclingcambrils.com\\\/it\\\/conto-alla-rovescia-per-cambribike\\\/\"},\"author\":{\"name\":\"iban\",\"@id\":\"https:\\\/\\\/cyclingcambrils.com\\\/it\\\/#\\\/schema\\\/person\\\/6e4f10916c8dd5c49acb64e671bdf0a8\"},\"headline\":\"Conto alla rovescia per Cambribike\",\"datePublished\":\"2026-04-21T12:29:39+00:00\",\"mainEntityOfPage\":{\"@id\":\"https:\\\/\\\/cyclingcambrils.com\\\/it\\\/conto-alla-rovescia-per-cambribike\\\/\"},\"wordCount\":371,\"commentCount\":0,\"publisher\":{\"@id\":\"https:\\\/\\\/cyclingcambrils.com\\\/it\\\/#organization\"},\"image\":{\"@id\":\"https:\\\/\\\/cyclingcambrils.com\\\/it\\\/conto-alla-rovescia-per-cambribike\\\/#primaryimage\"},\"thumbnailUrl\":\"https:\\\/\\\/cyclingcambrils.com\\\/wp-content\\\/uploads\\\/2026\\\/04\\\/cambribike-btt.jpg\",\"keywords\":[\"Cambribike\"],\"articleSection\":[\"Blog\"],\"inLanguage\":\"it-IT\",\"potentialAction\":[{\"@type\":\"CommentAction\",\"name\":\"Comment\",\"target\":[\"https:\\\/\\\/cyclingcambrils.com\\\/it\\\/conto-alla-rovescia-per-cambribike\\\/#respond\"]}]},{\"@type\":\"WebPage\",\"@id\":\"https:\\\/\\\/cyclingcambrils.com\\\/it\\\/conto-alla-rovescia-per-cambribike\\\/\",\"url\":\"https:\\\/\\\/cyclingcambrils.com\\\/it\\\/conto-alla-rovescia-per-cambribike\\\/\",\"name\":\"CambriBike non \u00e8 solo un evento sportivo, \u00e8 il pi\u00f9 grande festival ciclistico di Cambrils.\",\"isPartOf\":{\"@id\":\"https:\\\/\\\/cyclingcambrils.com\\\/it\\\/#website\"},\"primaryImageOfPage\":{\"@id\":\"https:\\\/\\\/cyclingcambrils.com\\\/it\\\/conto-alla-rovescia-per-cambribike\\\/#primaryimage\"},\"image\":{\"@id\":\"https:\\\/\\\/cyclingcambrils.com\\\/it\\\/conto-alla-rovescia-per-cambribike\\\/#primaryimage\"},\"thumbnailUrl\":\"https:\\\/\\\/cyclingcambrils.com\\\/wp-content\\\/uploads\\\/2026\\\/04\\\/cambribike-btt.jpg\",\"datePublished\":\"2026-04-21T12:29:39+00:00\",\"description\":\"Benvenuti nel paradiso delle due ruote! CambriBike non \u00e8 solo un evento sportivo, \u00e8 il pi\u00f9 grande festival ciclistico di Cambrils!\",\"breadcrumb\":{\"@id\":\"https:\\\/\\\/cyclingcambrils.com\\\/it\\\/conto-alla-rovescia-per-cambribike\\\/#breadcrumb\"},\"inLanguage\":\"it-IT\",\"potentialAction\":[{\"@type\":\"ReadAction\",\"target\":[\"https:\\\/\\\/cyclingcambrils.com\\\/it\\\/conto-alla-rovescia-per-cambribike\\\/\"]}]},{\"@type\":\"ImageObject\",\"inLanguage\":\"it-IT\",\"@id\":\"https:\\\/\\\/cyclingcambrils.com\\\/it\\\/conto-alla-rovescia-per-cambribike\\\/#primaryimage\",\"url\":\"https:\\\/\\\/cyclingcambrils.com\\\/wp-content\\\/uploads\\\/2026\\\/04\\\/cambribike-btt.jpg\",\"contentUrl\":\"https:\\\/\\\/cyclingcambrils.com\\\/wp-content\\\/uploads\\\/2026\\\/04\\\/cambribike-btt.jpg\",\"width\":900,\"height\":598},{\"@type\":\"BreadcrumbList\",\"@id\":\"https:\\\/\\\/cyclingcambrils.com\\\/it\\\/conto-alla-rovescia-per-cambribike\\\/#breadcrumb\",\"itemListElement\":[{\"@type\":\"ListItem\",\"position\":1,\"name\":\"Portada\",\"item\":\"https:\\\/\\\/cyclingcambrils.com\\\/it\\\/\"},{\"@type\":\"ListItem\",\"position\":2,\"name\":\"Conto alla rovescia per Cambribike\"}]},{\"@type\":\"WebSite\",\"@id\":\"https:\\\/\\\/cyclingcambrils.com\\\/it\\\/#website\",\"url\":\"https:\\\/\\\/cyclingcambrils.com\\\/it\\\/\",\"name\":\"Cambrils Cycling Paradise\",\"description\":\"Descubre el para\u00edso del ciclista\",\"publisher\":{\"@id\":\"https:\\\/\\\/cyclingcambrils.com\\\/it\\\/#organization\"},\"potentialAction\":[{\"@type\":\"SearchAction\",\"target\":{\"@type\":\"EntryPoint\",\"urlTemplate\":\"https:\\\/\\\/cyclingcambrils.com\\\/it\\\/?s={search_term_string}\"},\"query-input\":{\"@type\":\"PropertyValueSpecification\",\"valueRequired\":true,\"valueName\":\"search_term_string\"}}],\"inLanguage\":\"it-IT\"},{\"@type\":\"Organization\",\"@id\":\"https:\\\/\\\/cyclingcambrils.com\\\/it\\\/#organization\",\"name\":\"Cambrils Cycling Paradise\",\"url\":\"https:\\\/\\\/cyclingcambrils.com\\\/it\\\/\",\"logo\":{\"@type\":\"ImageObject\",\"inLanguage\":\"it-IT\",\"@id\":\"https:\\\/\\\/cyclingcambrils.com\\\/it\\\/#\\\/schema\\\/logo\\\/image\\\/\",\"url\":\"https:\\\/\\\/cyclingcambrils.com\\\/wp-content\\\/uploads\\\/2023\\\/04\\\/logo-cambrils-cycling-paradise.png\",\"contentUrl\":\"https:\\\/\\\/cyclingcambrils.com\\\/wp-content\\\/uploads\\\/2023\\\/04\\\/logo-cambrils-cycling-paradise.png\",\"width\":600,\"height\":196,\"caption\":\"Cambrils Cycling Paradise\"},\"image\":{\"@id\":\"https:\\\/\\\/cyclingcambrils.com\\\/it\\\/#\\\/schema\\\/logo\\\/image\\\/\"},\"sameAs\":[\"https:\\\/\\\/www.facebook.com\\\/CambrilsTurisme\\\/\",\"https:\\\/\\\/www.instagram.com\\\/cambrilsturisme\"]},{\"@type\":\"Person\",\"@id\":\"https:\\\/\\\/cyclingcambrils.com\\\/it\\\/#\\\/schema\\\/person\\\/6e4f10916c8dd5c49acb64e671bdf0a8\",\"name\":\"iban\",\"image\":{\"@type\":\"ImageObject\",\"inLanguage\":\"it-IT\",\"@id\":\"https:\\\/\\\/secure.gravatar.com\\\/avatar\\\/999f97df4560c00ff8bc15fa4f3d885bacdd4c58a1377c629714dac8f319a383?s=96&d=mm&r=g\",\"url\":\"https:\\\/\\\/secure.gravatar.com\\\/avatar\\\/999f97df4560c00ff8bc15fa4f3d885bacdd4c58a1377c629714dac8f319a383?s=96&d=mm&r=g\",\"contentUrl\":\"https:\\\/\\\/secure.gravatar.com\\\/avatar\\\/999f97df4560c00ff8bc15fa4f3d885bacdd4c58a1377c629714dac8f319a383?s=96&d=mm&r=g\",\"caption\":\"iban\"},\"url\":\"https:\\\/\\\/cyclingcambrils.com\\\/it\\\/author\\\/iban\\\/\"}]}<\/script>\n<!-- \/ Yoast SEO plugin. -->","yoast_head_json":{"title":"CambriBike non \u00e8 solo un evento sportivo, \u00e8 il pi\u00f9 grande festival ciclistico di Cambrils.","description":"Benvenuti nel paradiso delle due ruote! CambriBike non \u00e8 solo un evento sportivo, \u00e8 il pi\u00f9 grande festival ciclistico di Cambrils!","robots":{"index":"index","follow":"follow","max-snippet":"max-snippet:-1","max-image-preview":"max-image-preview:large","max-video-preview":"max-video-preview:-1"},"canonical":"https:\/\/cyclingcambrils.com\/it\/conto-alla-rovescia-per-cambribike\/","og_locale":"it_IT","og_type":"article","og_title":"CambriBike non \u00e8 solo un evento sportivo, \u00e8 il pi\u00f9 grande festival ciclistico di Cambrils.","og_description":"Benvenuti nel paradiso delle due ruote! CambriBike non \u00e8 solo un evento sportivo, \u00e8 il pi\u00f9 grande festival ciclistico di Cambrils!","og_url":"https:\/\/cyclingcambrils.com\/it\/conto-alla-rovescia-per-cambribike\/","og_site_name":"Cambrils Cycling Paradise","article_publisher":"https:\/\/www.facebook.com\/CambrilsTurisme\/","article_published_time":"2026-04-21T12:29:39+00:00","og_image":[{"width":900,"height":598,"url":"https:\/\/cyclingcambrils.com\/wp-content\/uploads\/2026\/04\/cambribike-btt.jpg","type":"image\/jpeg"}],"author":"iban","twitter_card":"summary_large_image","twitter_misc":{"Scritto da":"iban","Tempo di lettura stimato":"2 minuti"},"schema":{"@context":"https:\/\/schema.org","@graph":[{"@type":"Article","@id":"https:\/\/cyclingcambrils.com\/it\/conto-alla-rovescia-per-cambribike\/#article","isPartOf":{"@id":"https:\/\/cyclingcambrils.com\/it\/conto-alla-rovescia-per-cambribike\/"},"author":{"name":"iban","@id":"https:\/\/cyclingcambrils.com\/it\/#\/schema\/person\/6e4f10916c8dd5c49acb64e671bdf0a8"},"headline":"Conto alla rovescia per Cambribike","datePublished":"2026-04-21T12:29:39+00:00","mainEntityOfPage":{"@id":"https:\/\/cyclingcambrils.com\/it\/conto-alla-rovescia-per-cambribike\/"},"wordCount":371,"commentCount":0,"publisher":{"@id":"https:\/\/cyclingcambrils.com\/it\/#organization"},"image":{"@id":"https:\/\/cyclingcambrils.com\/it\/conto-alla-rovescia-per-cambribike\/#primaryimage"},"thumbnailUrl":"https:\/\/cyclingcambrils.com\/wp-content\/uploads\/2026\/04\/cambribike-btt.jpg","keywords":["Cambribike"],"articleSection":["Blog"],"inLanguage":"it-IT","potentialAction":[{"@type":"CommentAction","name":"Comment","target":["https:\/\/cyclingcambrils.com\/it\/conto-alla-rovescia-per-cambribike\/#respond"]}]},{"@type":"WebPage","@id":"https:\/\/cyclingcambrils.com\/it\/conto-alla-rovescia-per-cambribike\/","url":"https:\/\/cyclingcambrils.com\/it\/conto-alla-rovescia-per-cambribike\/","name":"CambriBike non \u00e8 solo un evento sportivo, \u00e8 il pi\u00f9 grande festival ciclistico di Cambrils.","isPartOf":{"@id":"https:\/\/cyclingcambrils.com\/it\/#website"},"primaryImageOfPage":{"@id":"https:\/\/cyclingcambrils.com\/it\/conto-alla-rovescia-per-cambribike\/#primaryimage"},"image":{"@id":"https:\/\/cyclingcambrils.com\/it\/conto-alla-rovescia-per-cambribike\/#primaryimage"},"thumbnailUrl":"https:\/\/cyclingcambrils.com\/wp-content\/uploads\/2026\/04\/cambribike-btt.jpg","datePublished":"2026-04-21T12:29:39+00:00","description":"Benvenuti nel paradiso delle due ruote! CambriBike non \u00e8 solo un evento sportivo, \u00e8 il pi\u00f9 grande festival ciclistico di Cambrils!","breadcrumb":{"@id":"https:\/\/cyclingcambrils.com\/it\/conto-alla-rovescia-per-cambribike\/#breadcrumb"},"inLanguage":"it-IT","potentialAction":[{"@type":"ReadAction","target":["https:\/\/cyclingcambrils.com\/it\/conto-alla-rovescia-per-cambribike\/"]}]},{"@type":"ImageObject","inLanguage":"it-IT","@id":"https:\/\/cyclingcambrils.com\/it\/conto-alla-rovescia-per-cambribike\/#primaryimage","url":"https:\/\/cyclingcambrils.com\/wp-content\/uploads\/2026\/04\/cambribike-btt.jpg","contentUrl":"https:\/\/cyclingcambrils.com\/wp-content\/uploads\/2026\/04\/cambribike-btt.jpg","width":900,"height":598},{"@type":"BreadcrumbList","@id":"https:\/\/cyclingcambrils.com\/it\/conto-alla-rovescia-per-cambribike\/#breadcrumb","itemListElement":[{"@type":"ListItem","position":1,"name":"Portada","item":"https:\/\/cyclingcambrils.com\/it\/"},{"@type":"ListItem","position":2,"name":"Conto alla rovescia per Cambribike"}]},{"@type":"WebSite","@id":"https:\/\/cyclingcambrils.com\/it\/#website","url":"https:\/\/cyclingcambrils.com\/it\/","name":"Cambrils Cycling Paradise","description":"Descubre el para\u00edso del ciclista","publisher":{"@id":"https:\/\/cyclingcambrils.com\/it\/#organization"},"potentialAction":[{"@type":"SearchAction","target":{"@type":"EntryPoint","urlTemplate":"https:\/\/cyclingcambrils.com\/it\/?s={search_term_string}"},"query-input":{"@type":"PropertyValueSpecification","valueRequired":true,"valueName":"search_term_string"}}],"inLanguage":"it-IT"},{"@type":"Organization","@id":"https:\/\/cyclingcambrils.com\/it\/#organization","name":"Cambrils Cycling Paradise","url":"https:\/\/cyclingcambrils.com\/it\/","logo":{"@type":"ImageObject","inLanguage":"it-IT","@id":"https:\/\/cyclingcambrils.com\/it\/#\/schema\/logo\/image\/","url":"https:\/\/cyclingcambrils.com\/wp-content\/uploads\/2023\/04\/logo-cambrils-cycling-paradise.png","contentUrl":"https:\/\/cyclingcambrils.com\/wp-content\/uploads\/2023\/04\/logo-cambrils-cycling-paradise.png","width":600,"height":196,"caption":"Cambrils Cycling Paradise"},"image":{"@id":"https:\/\/cyclingcambrils.com\/it\/#\/schema\/logo\/image\/"},"sameAs":["https:\/\/www.facebook.com\/CambrilsTurisme\/","https:\/\/www.instagram.com\/cambrilsturisme"]},{"@type":"Person","@id":"https:\/\/cyclingcambrils.com\/it\/#\/schema\/person\/6e4f10916c8dd5c49acb64e671bdf0a8","name":"iban","image":{"@type":"ImageObject","inLanguage":"it-IT","@id":"https:\/\/secure.gravatar.com\/avatar\/999f97df4560c00ff8bc15fa4f3d885bacdd4c58a1377c629714dac8f319a383?s=96&d=mm&r=g","url":"https:\/\/secure.gravatar.com\/avatar\/999f97df4560c00ff8bc15fa4f3d885bacdd4c58a1377c629714dac8f319a383?s=96&d=mm&r=g","contentUrl":"https:\/\/secure.gravatar.com\/avatar\/999f97df4560c00ff8bc15fa4f3d885bacdd4c58a1377c629714dac8f319a383?s=96&d=mm&r=g","caption":"iban"},"url":"https:\/\/cyclingcambrils.com\/it\/author\/iban\/"}]}},"_links":{"self":[{"href":"https:\/\/cyclingcambrils.com\/it\/wp-json\/wp\/v2\/posts\/15537","targetHints":{"allow":["GET"]}}],"collection":[{"href":"https:\/\/cyclingcambrils.com\/it\/wp-json\/wp\/v2\/posts"}],"about":[{"href":"https:\/\/cyclingcambrils.com\/it\/wp-json\/wp\/v2\/types\/post"}],"author":[{"embeddable":true,"href":"https:\/\/cyclingcambrils.com\/it\/wp-json\/wp\/v2\/users\/22"}],"replies":[{"embeddable":true,"href":"https:\/\/cyclingcambrils.com\/it\/wp-json\/wp\/v2\/comments?post=15537"}],"version-history":[{"count":0,"href":"https:\/\/cyclingcambrils.com\/it\/wp-json\/wp\/v2\/posts\/15537\/revisions"}],"wp:featuredmedia":[{"embeddable":true,"href":"https:\/\/cyclingcambrils.com\/it\/wp-json\/wp\/v2\/media\/15528"}],"wp:attachment":[{"href":"https:\/\/cyclingcambrils.com\/it\/wp-json\/wp\/v2\/media?parent=15537"}],"wp:term":[{"taxonomy":"category","embeddable":true,"href":"https:\/\/cyclingcambrils.com\/it\/wp-json\/wp\/v2\/categories?post=15537"},{"taxonomy":"post_tag","embeddable":true,"href":"https:\/\/cyclingcambrils.com\/it\/wp-json\/wp\/v2\/tags?post=15537"}],"curies":[{"name":"wp","href":"https:\/\/api.w.org\/{rel}","templated":true}]}}