{"id":15552,"date":"2026-04-28T16:36:35","date_gmt":"2026-04-28T16:36:35","guid":{"rendered":"https:\/\/cyclingcambrils.com\/?p=15552"},"modified":"2026-04-28T16:36:35","modified_gmt":"2026-04-28T16:36:35","slug":"la-cambrils-btt-origens-y-la-bioracer-cambrils-road-resumen-lo-mejor-del-territorio","status":"publish","type":"post","link":"https:\/\/cyclingcambrils.com\/it\/la-cambrils-btt-origens-y-la-bioracer-cambrils-road-resumen-lo-mejor-del-territorio\/","title":{"rendered":"La Cambrils BTT Or\u00edgens y la Bioracer Cambrils Road resumen lo mejor del territorio"},"content":{"rendered":"<p>El tiempo ha situado a Cambrils como un destino de referencia para los amantes del ciclismo gracias a una combinaci\u00f3n privilegiada de factores geogr\u00e1ficos y clim\u00e1ticos que permiten disfrutar del deporte durante todo el a\u00f1o.<\/p>\n<p>Emplazada en el coraz\u00f3n de la Costa Dorada, la localidad ofrece un escenario excepcional donde <strong>el mar y la monta\u00f1a se mezclan a pocos kil\u00f3metros de distancia<\/strong>, permitiendo rutas que transcurren por paisajes llanos y ascensos desafiantes hacia las sierras interiores.<\/p>\n<p><img decoding=\"async\" class=\"lazyload size-full wp-image-15373 aligncenter\" src=\"https:\/\/cyclingcambrils.com\/wp-content\/uploads\/2026\/02\/cambribike-BTT-.jpg\" data-orig-src=\"https:\/\/cyclingcambrils.com\/wp-content\/uploads\/2026\/02\/cambribike-BTT-.jpg\" alt=\"\" width=\"900\" height=\"600\" srcset=\"data:image\/svg+xml,%3Csvg%20xmlns%3D%27http%3A%2F%2Fwww.w3.org%2F2000%2Fsvg%27%20width%3D%27900%27%20height%3D%27600%27%20viewBox%3D%270%200%20900%20600%27%3E%3Crect%20width%3D%27900%27%20height%3D%27600%27%20fill-opacity%3D%220%22%2F%3E%3C%2Fsvg%3E\" data-srcset=\"https:\/\/cyclingcambrils.com\/wp-content\/uploads\/2026\/02\/cambribike-BTT--200x133.jpg 200w, https:\/\/cyclingcambrils.com\/wp-content\/uploads\/2026\/02\/cambribike-BTT--300x200.jpg 300w, https:\/\/cyclingcambrils.com\/wp-content\/uploads\/2026\/02\/cambribike-BTT--400x267.jpg 400w, https:\/\/cyclingcambrils.com\/wp-content\/uploads\/2026\/02\/cambribike-BTT--600x400.jpg 600w, https:\/\/cyclingcambrils.com\/wp-content\/uploads\/2026\/02\/cambribike-BTT--768x512.jpg 768w, https:\/\/cyclingcambrils.com\/wp-content\/uploads\/2026\/02\/cambribike-BTT--800x533.jpg 800w, https:\/\/cyclingcambrils.com\/wp-content\/uploads\/2026\/02\/cambribike-BTT-.jpg 900w\" data-sizes=\"auto\" data-orig-sizes=\"(max-width: 900px) 100vw, 900px\" \/><\/p>\n<h3>As\u00ed se crea la Cambrils BTT Or\u00edgens<\/h3>\n<p>Esta dualidad se refleja perfectamente en la propuesta de la Cambrils BTT Or\u00edgens, un nombre que busca <strong>reivindicar las ra\u00edces rurales del municipio y su entorno de agricultura y caminos con historia<\/strong>.<\/p>\n<p>La orograf\u00eda de la zona permite ofrecer <strong>recorridos para todos los perfiles<\/strong>, desde familias hasta ciclistas m\u00e1s expertos que buscan el m\u00e1ximo rendimiento.<\/p>\n<p>Son cuatro versiones: Los circuitos de 22 y 35 kil\u00f3metros est\u00e1n pensados para aquellos que quieren una experiencia m\u00e1s accesible; el primero con un car\u00e1cter marcadamente familiar y el segundo extendi\u00e9ndose hasta Vilanova d&#8217;Escornalbou para ofrecer un recorrido m\u00e1s largo sin una exigencia t\u00e9cnica exagerada.<\/p>\n<p>Para los m\u00e1s aventureros, las distancias de 47 y 55 kil\u00f3metros se adentran en el desnivel de la sierra de Llaberia y los contrafuertes del Baix Camp, introduciendo como elemento diferenciador las cronoescaladas.<\/p>\n<p><strong>Estos tramos cronometrados individualmente permiten a los corredores competir contra el reloj<\/strong> en sectores de subida concretos, con clasificaciones espec\u00edficas para bicicletas musculares, el\u00e9ctricas y de gravel.<\/p>\n<p><img decoding=\"async\" class=\"lazyload size-full wp-image-15379 aligncenter\" src=\"https:\/\/cyclingcambrils.com\/wp-content\/uploads\/2026\/02\/Cambribike-Bioracer-road.jpg\" data-orig-src=\"https:\/\/cyclingcambrils.com\/wp-content\/uploads\/2026\/02\/Cambribike-Bioracer-road.jpg\" alt=\"\" width=\"900\" height=\"600\" srcset=\"data:image\/svg+xml,%3Csvg%20xmlns%3D%27http%3A%2F%2Fwww.w3.org%2F2000%2Fsvg%27%20width%3D%27900%27%20height%3D%27600%27%20viewBox%3D%270%200%20900%20600%27%3E%3Crect%20width%3D%27900%27%20height%3D%27600%27%20fill-opacity%3D%220%22%2F%3E%3C%2Fsvg%3E\" data-srcset=\"https:\/\/cyclingcambrils.com\/wp-content\/uploads\/2026\/02\/Cambribike-Bioracer-road-200x133.jpg 200w, https:\/\/cyclingcambrils.com\/wp-content\/uploads\/2026\/02\/Cambribike-Bioracer-road-300x200.jpg 300w, https:\/\/cyclingcambrils.com\/wp-content\/uploads\/2026\/02\/Cambribike-Bioracer-road-400x267.jpg 400w, https:\/\/cyclingcambrils.com\/wp-content\/uploads\/2026\/02\/Cambribike-Bioracer-road-600x400.jpg 600w, https:\/\/cyclingcambrils.com\/wp-content\/uploads\/2026\/02\/Cambribike-Bioracer-road-768x512.jpg 768w, https:\/\/cyclingcambrils.com\/wp-content\/uploads\/2026\/02\/Cambribike-Bioracer-road-800x533.jpg 800w, https:\/\/cyclingcambrils.com\/wp-content\/uploads\/2026\/02\/Cambribike-Bioracer-road.jpg 900w\" data-sizes=\"auto\" data-orig-sizes=\"(max-width: 900px) 100vw, 900px\" \/><\/p>\n<h3>La versi\u00f3n de carretera: Bioracer Cambrils Road<\/h3>\n<p>En cuanto al ciclismo de carretera, la Bioracer Cambrils Road propone <strong>una inmersi\u00f3n en el paisaje del Priorat<\/strong> a trav\u00e9s de rutas de 85 y 125 kil\u00f3metros.<\/p>\n<p>Estas rutas destacan por transcurrir por carreteras con muy poco tr\u00e1fico y <strong>un entorno de gran belleza visual que incluye el paso por Escaladei y la Morera de Montsant<\/strong>.<\/p>\n<p>El reto estrella para los ciclistas de fondo es el ascenso al No Plores Nen, un sector emblem\u00e1tico que define la dureza y el atractivo de esta zona interior.<\/p>\n<p>Todo el recorrido se realiza bajo una filosof\u00eda de marcha tranquila y segura, con <strong>una c\u00e1psula de seguridad del Servei Catal\u00e0 de Tr\u00e0nsit<\/strong>, evitando las grandes masificaciones para garantizar una experiencia cercana y de calidad para cada participante.<\/p>\n<p><img decoding=\"async\" class=\"lazyload size-full wp-image-15448 aligncenter\" src=\"https:\/\/cyclingcambrils.com\/wp-content\/uploads\/2026\/03\/En-este-entorno-inmejorable-vuelve-la-Bioracer-Cambrils-Road-una-cita-marcada-en-el-calendario-para-el-domingo-24-de-mayo.jpg\" data-orig-src=\"https:\/\/cyclingcambrils.com\/wp-content\/uploads\/2026\/03\/En-este-entorno-inmejorable-vuelve-la-Bioracer-Cambrils-Road-una-cita-marcada-en-el-calendario-para-el-domingo-24-de-mayo.jpg\" alt=\"\" width=\"900\" height=\"600\" srcset=\"data:image\/svg+xml,%3Csvg%20xmlns%3D%27http%3A%2F%2Fwww.w3.org%2F2000%2Fsvg%27%20width%3D%27900%27%20height%3D%27600%27%20viewBox%3D%270%200%20900%20600%27%3E%3Crect%20width%3D%27900%27%20height%3D%27600%27%20fill-opacity%3D%220%22%2F%3E%3C%2Fsvg%3E\" data-srcset=\"https:\/\/cyclingcambrils.com\/wp-content\/uploads\/2026\/03\/En-este-entorno-inmejorable-vuelve-la-Bioracer-Cambrils-Road-una-cita-marcada-en-el-calendario-para-el-domingo-24-de-mayo-200x133.jpg 200w, https:\/\/cyclingcambrils.com\/wp-content\/uploads\/2026\/03\/En-este-entorno-inmejorable-vuelve-la-Bioracer-Cambrils-Road-una-cita-marcada-en-el-calendario-para-el-domingo-24-de-mayo-300x200.jpg 300w, https:\/\/cyclingcambrils.com\/wp-content\/uploads\/2026\/03\/En-este-entorno-inmejorable-vuelve-la-Bioracer-Cambrils-Road-una-cita-marcada-en-el-calendario-para-el-domingo-24-de-mayo-400x267.jpg 400w, https:\/\/cyclingcambrils.com\/wp-content\/uploads\/2026\/03\/En-este-entorno-inmejorable-vuelve-la-Bioracer-Cambrils-Road-una-cita-marcada-en-el-calendario-para-el-domingo-24-de-mayo-600x400.jpg 600w, https:\/\/cyclingcambrils.com\/wp-content\/uploads\/2026\/03\/En-este-entorno-inmejorable-vuelve-la-Bioracer-Cambrils-Road-una-cita-marcada-en-el-calendario-para-el-domingo-24-de-mayo-768x512.jpg 768w, https:\/\/cyclingcambrils.com\/wp-content\/uploads\/2026\/03\/En-este-entorno-inmejorable-vuelve-la-Bioracer-Cambrils-Road-una-cita-marcada-en-el-calendario-para-el-domingo-24-de-mayo-800x533.jpg 800w, https:\/\/cyclingcambrils.com\/wp-content\/uploads\/2026\/03\/En-este-entorno-inmejorable-vuelve-la-Bioracer-Cambrils-Road-una-cita-marcada-en-el-calendario-para-el-domingo-24-de-mayo.jpg 900w\" data-sizes=\"auto\" data-orig-sizes=\"(max-width: 900px) 100vw, 900px\" \/><\/p>\n<h3>Un final con &#8220;sabor a mar&#8221;<\/h3>\n<p>La experiencia en Cambrils no ser\u00eda completa sin hacer referencia a su excelencia gastron\u00f3mica, que se convierte en el mejor premio despu\u00e9s del esfuerzo f\u00edsico.<\/p>\n<p>El evento se define como una marcha con sabor a mar, ya que al llegar a la meta los ciclistas pueden disfrutar de un plato t\u00edpico de la cocina local, como fideos rossejats o fideu\u00e1, permitiendo degustar la esencia culinaria del municipio.<\/p>\n<p>Esta combinaci\u00f3n de rutas exigentes, paisajes agr\u00edcolas aut\u00e9nticos y una oferta cultural y gastron\u00f3mica de primer nivel se da cita, recordad en el entorno de la Cambribike.<\/p>\n<h3>Inscripciones abiertas<\/h3>\n<p><a href=\"https:\/\/www.naturetime.es\/cambribike\/\" target=\"_blank\" rel=\"noopener\">Cambrils BTT Or\u00edgens<\/a> &#8211; 23 de mayo<\/p>\n<p><a href=\"https:\/\/www.naturetime.es\/marcha-cicloturismo-cambrils\/\">Bioracer Cambrils Road<\/a> &#8211; 24 de mayo<\/p>\n<p>&nbsp;<\/p>\n","protected":false},"excerpt":{"rendered":"<p>El tiempo ha situado a Cambrils como un destino de  &#8230;<\/p>\n","protected":false},"author":22,"featured_media":15460,"comment_status":"open","ping_status":"open","sticky":false,"template":"","format":"standard","meta":{"_acf_changed":false,"footnotes":""},"categories":[46],"tags":[283],"class_list":["post-15552","post","type-post","status-publish","format-standard","has-post-thumbnail","hentry","category-blog","tag-cambribike"],"acf":[],"yoast_head":"<!-- This site is optimized with the Yoast SEO plugin v27.4 - https:\/\/yoast.com\/product\/yoast-seo-wordpress\/ -->\n<title>La Cambrils BTT Or\u00edgens y la Bioracer Cambrils Road resumen lo mejor del territorio - Cambrils Cycling Paradise<\/title>\n<meta name=\"robots\" content=\"index, follow, max-snippet:-1, max-image-preview:large, max-video-preview:-1\" \/>\n<link rel=\"canonical\" href=\"https:\/\/cyclingcambrils.com\/it\/la-cambrils-btt-origens-y-la-bioracer-cambrils-road-resumen-lo-mejor-del-territorio\/\" \/>\n<meta property=\"og:locale\" content=\"it_IT\" \/>\n<meta property=\"og:type\" content=\"article\" \/>\n<meta property=\"og:title\" content=\"La Cambrils BTT Or\u00edgens y la Bioracer Cambrils Road resumen lo mejor del territorio - Cambrils Cycling Paradise\" \/>\n<meta property=\"og:description\" content=\"El tiempo ha situado a Cambrils como un destino de ...\" \/>\n<meta property=\"og:url\" content=\"https:\/\/cyclingcambrils.com\/it\/la-cambrils-btt-origens-y-la-bioracer-cambrils-road-resumen-lo-mejor-del-territorio\/\" \/>\n<meta property=\"og:site_name\" content=\"Cambrils Cycling Paradise\" \/>\n<meta property=\"article:publisher\" content=\"https:\/\/www.facebook.com\/CambrilsTurisme\/\" \/>\n<meta property=\"article:published_time\" content=\"2026-04-28T16:36:35+00:00\" \/>\n<meta property=\"og:image\" content=\"https:\/\/cyclingcambrils.com\/wp-content\/uploads\/2026\/03\/En-este-entorno-inmejorable-vuelve-la-Bioracer-Cambrils-Road-una-cita-marcada-en-el-calendario-para-el-domingo-24-de-mayo-2.jpg\" \/>\n\t<meta property=\"og:image:width\" content=\"900\" \/>\n\t<meta property=\"og:image:height\" content=\"600\" \/>\n\t<meta property=\"og:image:type\" content=\"image\/jpeg\" \/>\n<meta name=\"author\" content=\"iban\" \/>\n<meta name=\"twitter:card\" content=\"summary_large_image\" \/>\n<meta name=\"twitter:label1\" content=\"Scritto da\" \/>\n\t<meta name=\"twitter:data1\" content=\"iban\" \/>\n\t<meta name=\"twitter:label2\" content=\"Tempo di lettura stimato\" \/>\n\t<meta name=\"twitter:data2\" content=\"1 minuto\" \/>\n<script type=\"application\/ld+json\" class=\"yoast-schema-graph\">{\"@context\":\"https:\\\/\\\/schema.org\",\"@graph\":[{\"@type\":\"Article\",\"@id\":\"https:\\\/\\\/cyclingcambrils.com\\\/it\\\/la-cambrils-btt-origens-y-la-bioracer-cambrils-road-resumen-lo-mejor-del-territorio\\\/#article\",\"isPartOf\":{\"@id\":\"https:\\\/\\\/cyclingcambrils.com\\\/it\\\/la-cambrils-btt-origens-y-la-bioracer-cambrils-road-resumen-lo-mejor-del-territorio\\\/\"},\"author\":{\"name\":\"iban\",\"@id\":\"https:\\\/\\\/cyclingcambrils.com\\\/it\\\/#\\\/schema\\\/person\\\/6e4f10916c8dd5c49acb64e671bdf0a8\"},\"headline\":\"La Cambrils BTT Or\u00edgens y la Bioracer Cambrils Road resumen lo mejor del territorio\",\"datePublished\":\"2026-04-28T16:36:35+00:00\",\"mainEntityOfPage\":{\"@id\":\"https:\\\/\\\/cyclingcambrils.com\\\/it\\\/la-cambrils-btt-origens-y-la-bioracer-cambrils-road-resumen-lo-mejor-del-territorio\\\/\"},\"wordCount\":541,\"commentCount\":0,\"publisher\":{\"@id\":\"https:\\\/\\\/cyclingcambrils.com\\\/it\\\/#organization\"},\"image\":{\"@id\":\"https:\\\/\\\/cyclingcambrils.com\\\/it\\\/la-cambrils-btt-origens-y-la-bioracer-cambrils-road-resumen-lo-mejor-del-territorio\\\/#primaryimage\"},\"thumbnailUrl\":\"https:\\\/\\\/cyclingcambrils.com\\\/wp-content\\\/uploads\\\/2026\\\/03\\\/En-este-entorno-inmejorable-vuelve-la-Bioracer-Cambrils-Road-una-cita-marcada-en-el-calendario-para-el-domingo-24-de-mayo-2.jpg\",\"keywords\":[\"Cambribike\"],\"articleSection\":[\"Blog\"],\"inLanguage\":\"it-IT\",\"potentialAction\":[{\"@type\":\"CommentAction\",\"name\":\"Comment\",\"target\":[\"https:\\\/\\\/cyclingcambrils.com\\\/it\\\/la-cambrils-btt-origens-y-la-bioracer-cambrils-road-resumen-lo-mejor-del-territorio\\\/#respond\"]}]},{\"@type\":\"WebPage\",\"@id\":\"https:\\\/\\\/cyclingcambrils.com\\\/it\\\/la-cambrils-btt-origens-y-la-bioracer-cambrils-road-resumen-lo-mejor-del-territorio\\\/\",\"url\":\"https:\\\/\\\/cyclingcambrils.com\\\/it\\\/la-cambrils-btt-origens-y-la-bioracer-cambrils-road-resumen-lo-mejor-del-territorio\\\/\",\"name\":\"La Cambrils BTT Or\u00edgens y la Bioracer Cambrils Road resumen lo mejor del territorio - Cambrils Cycling Paradise\",\"isPartOf\":{\"@id\":\"https:\\\/\\\/cyclingcambrils.com\\\/it\\\/#website\"},\"primaryImageOfPage\":{\"@id\":\"https:\\\/\\\/cyclingcambrils.com\\\/it\\\/la-cambrils-btt-origens-y-la-bioracer-cambrils-road-resumen-lo-mejor-del-territorio\\\/#primaryimage\"},\"image\":{\"@id\":\"https:\\\/\\\/cyclingcambrils.com\\\/it\\\/la-cambrils-btt-origens-y-la-bioracer-cambrils-road-resumen-lo-mejor-del-territorio\\\/#primaryimage\"},\"thumbnailUrl\":\"https:\\\/\\\/cyclingcambrils.com\\\/wp-content\\\/uploads\\\/2026\\\/03\\\/En-este-entorno-inmejorable-vuelve-la-Bioracer-Cambrils-Road-una-cita-marcada-en-el-calendario-para-el-domingo-24-de-mayo-2.jpg\",\"datePublished\":\"2026-04-28T16:36:35+00:00\",\"breadcrumb\":{\"@id\":\"https:\\\/\\\/cyclingcambrils.com\\\/it\\\/la-cambrils-btt-origens-y-la-bioracer-cambrils-road-resumen-lo-mejor-del-territorio\\\/#breadcrumb\"},\"inLanguage\":\"it-IT\",\"potentialAction\":[{\"@type\":\"ReadAction\",\"target\":[\"https:\\\/\\\/cyclingcambrils.com\\\/it\\\/la-cambrils-btt-origens-y-la-bioracer-cambrils-road-resumen-lo-mejor-del-territorio\\\/\"]}]},{\"@type\":\"ImageObject\",\"inLanguage\":\"it-IT\",\"@id\":\"https:\\\/\\\/cyclingcambrils.com\\\/it\\\/la-cambrils-btt-origens-y-la-bioracer-cambrils-road-resumen-lo-mejor-del-territorio\\\/#primaryimage\",\"url\":\"https:\\\/\\\/cyclingcambrils.com\\\/wp-content\\\/uploads\\\/2026\\\/03\\\/En-este-entorno-inmejorable-vuelve-la-Bioracer-Cambrils-Road-una-cita-marcada-en-el-calendario-para-el-domingo-24-de-mayo-2.jpg\",\"contentUrl\":\"https:\\\/\\\/cyclingcambrils.com\\\/wp-content\\\/uploads\\\/2026\\\/03\\\/En-este-entorno-inmejorable-vuelve-la-Bioracer-Cambrils-Road-una-cita-marcada-en-el-calendario-para-el-domingo-24-de-mayo-2.jpg\",\"width\":900,\"height\":600},{\"@type\":\"BreadcrumbList\",\"@id\":\"https:\\\/\\\/cyclingcambrils.com\\\/it\\\/la-cambrils-btt-origens-y-la-bioracer-cambrils-road-resumen-lo-mejor-del-territorio\\\/#breadcrumb\",\"itemListElement\":[{\"@type\":\"ListItem\",\"position\":1,\"name\":\"Portada\",\"item\":\"https:\\\/\\\/cyclingcambrils.com\\\/it\\\/\"},{\"@type\":\"ListItem\",\"position\":2,\"name\":\"La Cambrils BTT Or\u00edgens y la Bioracer Cambrils Road resumen lo mejor del territorio\"}]},{\"@type\":\"WebSite\",\"@id\":\"https:\\\/\\\/cyclingcambrils.com\\\/it\\\/#website\",\"url\":\"https:\\\/\\\/cyclingcambrils.com\\\/it\\\/\",\"name\":\"Cambrils Cycling Paradise\",\"description\":\"Descubre el para\u00edso del ciclista\",\"publisher\":{\"@id\":\"https:\\\/\\\/cyclingcambrils.com\\\/it\\\/#organization\"},\"potentialAction\":[{\"@type\":\"SearchAction\",\"target\":{\"@type\":\"EntryPoint\",\"urlTemplate\":\"https:\\\/\\\/cyclingcambrils.com\\\/it\\\/?s={search_term_string}\"},\"query-input\":{\"@type\":\"PropertyValueSpecification\",\"valueRequired\":true,\"valueName\":\"search_term_string\"}}],\"inLanguage\":\"it-IT\"},{\"@type\":\"Organization\",\"@id\":\"https:\\\/\\\/cyclingcambrils.com\\\/it\\\/#organization\",\"name\":\"Cambrils Cycling Paradise\",\"url\":\"https:\\\/\\\/cyclingcambrils.com\\\/it\\\/\",\"logo\":{\"@type\":\"ImageObject\",\"inLanguage\":\"it-IT\",\"@id\":\"https:\\\/\\\/cyclingcambrils.com\\\/it\\\/#\\\/schema\\\/logo\\\/image\\\/\",\"url\":\"https:\\\/\\\/cyclingcambrils.com\\\/wp-content\\\/uploads\\\/2023\\\/04\\\/logo-cambrils-cycling-paradise.png\",\"contentUrl\":\"https:\\\/\\\/cyclingcambrils.com\\\/wp-content\\\/uploads\\\/2023\\\/04\\\/logo-cambrils-cycling-paradise.png\",\"width\":600,\"height\":196,\"caption\":\"Cambrils Cycling Paradise\"},\"image\":{\"@id\":\"https:\\\/\\\/cyclingcambrils.com\\\/it\\\/#\\\/schema\\\/logo\\\/image\\\/\"},\"sameAs\":[\"https:\\\/\\\/www.facebook.com\\\/CambrilsTurisme\\\/\",\"https:\\\/\\\/www.instagram.com\\\/cambrilsturisme\"]},{\"@type\":\"Person\",\"@id\":\"https:\\\/\\\/cyclingcambrils.com\\\/it\\\/#\\\/schema\\\/person\\\/6e4f10916c8dd5c49acb64e671bdf0a8\",\"name\":\"iban\",\"image\":{\"@type\":\"ImageObject\",\"inLanguage\":\"it-IT\",\"@id\":\"https:\\\/\\\/secure.gravatar.com\\\/avatar\\\/999f97df4560c00ff8bc15fa4f3d885bacdd4c58a1377c629714dac8f319a383?s=96&d=mm&r=g\",\"url\":\"https:\\\/\\\/secure.gravatar.com\\\/avatar\\\/999f97df4560c00ff8bc15fa4f3d885bacdd4c58a1377c629714dac8f319a383?s=96&d=mm&r=g\",\"contentUrl\":\"https:\\\/\\\/secure.gravatar.com\\\/avatar\\\/999f97df4560c00ff8bc15fa4f3d885bacdd4c58a1377c629714dac8f319a383?s=96&d=mm&r=g\",\"caption\":\"iban\"},\"url\":\"https:\\\/\\\/cyclingcambrils.com\\\/it\\\/author\\\/iban\\\/\"}]}<\/script>\n<!-- \/ Yoast SEO plugin. -->","yoast_head_json":{"title":"La Cambrils BTT Or\u00edgens y la Bioracer Cambrils Road resumen lo mejor del territorio - Cambrils Cycling Paradise","robots":{"index":"index","follow":"follow","max-snippet":"max-snippet:-1","max-image-preview":"max-image-preview:large","max-video-preview":"max-video-preview:-1"},"canonical":"https:\/\/cyclingcambrils.com\/it\/la-cambrils-btt-origens-y-la-bioracer-cambrils-road-resumen-lo-mejor-del-territorio\/","og_locale":"it_IT","og_type":"article","og_title":"La Cambrils BTT Or\u00edgens y la Bioracer Cambrils Road resumen lo mejor del territorio - Cambrils Cycling Paradise","og_description":"El tiempo ha situado a Cambrils como un destino de ...","og_url":"https:\/\/cyclingcambrils.com\/it\/la-cambrils-btt-origens-y-la-bioracer-cambrils-road-resumen-lo-mejor-del-territorio\/","og_site_name":"Cambrils Cycling Paradise","article_publisher":"https:\/\/www.facebook.com\/CambrilsTurisme\/","article_published_time":"2026-04-28T16:36:35+00:00","og_image":[{"width":900,"height":600,"url":"https:\/\/cyclingcambrils.com\/wp-content\/uploads\/2026\/03\/En-este-entorno-inmejorable-vuelve-la-Bioracer-Cambrils-Road-una-cita-marcada-en-el-calendario-para-el-domingo-24-de-mayo-2.jpg","type":"image\/jpeg"}],"author":"iban","twitter_card":"summary_large_image","twitter_misc":{"Scritto da":"iban","Tempo di lettura stimato":"1 minuto"},"schema":{"@context":"https:\/\/schema.org","@graph":[{"@type":"Article","@id":"https:\/\/cyclingcambrils.com\/it\/la-cambrils-btt-origens-y-la-bioracer-cambrils-road-resumen-lo-mejor-del-territorio\/#article","isPartOf":{"@id":"https:\/\/cyclingcambrils.com\/it\/la-cambrils-btt-origens-y-la-bioracer-cambrils-road-resumen-lo-mejor-del-territorio\/"},"author":{"name":"iban","@id":"https:\/\/cyclingcambrils.com\/it\/#\/schema\/person\/6e4f10916c8dd5c49acb64e671bdf0a8"},"headline":"La Cambrils BTT Or\u00edgens y la Bioracer Cambrils Road resumen lo mejor del territorio","datePublished":"2026-04-28T16:36:35+00:00","mainEntityOfPage":{"@id":"https:\/\/cyclingcambrils.com\/it\/la-cambrils-btt-origens-y-la-bioracer-cambrils-road-resumen-lo-mejor-del-territorio\/"},"wordCount":541,"commentCount":0,"publisher":{"@id":"https:\/\/cyclingcambrils.com\/it\/#organization"},"image":{"@id":"https:\/\/cyclingcambrils.com\/it\/la-cambrils-btt-origens-y-la-bioracer-cambrils-road-resumen-lo-mejor-del-territorio\/#primaryimage"},"thumbnailUrl":"https:\/\/cyclingcambrils.com\/wp-content\/uploads\/2026\/03\/En-este-entorno-inmejorable-vuelve-la-Bioracer-Cambrils-Road-una-cita-marcada-en-el-calendario-para-el-domingo-24-de-mayo-2.jpg","keywords":["Cambribike"],"articleSection":["Blog"],"inLanguage":"it-IT","potentialAction":[{"@type":"CommentAction","name":"Comment","target":["https:\/\/cyclingcambrils.com\/it\/la-cambrils-btt-origens-y-la-bioracer-cambrils-road-resumen-lo-mejor-del-territorio\/#respond"]}]},{"@type":"WebPage","@id":"https:\/\/cyclingcambrils.com\/it\/la-cambrils-btt-origens-y-la-bioracer-cambrils-road-resumen-lo-mejor-del-territorio\/","url":"https:\/\/cyclingcambrils.com\/it\/la-cambrils-btt-origens-y-la-bioracer-cambrils-road-resumen-lo-mejor-del-territorio\/","name":"La Cambrils BTT Or\u00edgens y la Bioracer Cambrils Road resumen lo mejor del territorio - Cambrils Cycling Paradise","isPartOf":{"@id":"https:\/\/cyclingcambrils.com\/it\/#website"},"primaryImageOfPage":{"@id":"https:\/\/cyclingcambrils.com\/it\/la-cambrils-btt-origens-y-la-bioracer-cambrils-road-resumen-lo-mejor-del-territorio\/#primaryimage"},"image":{"@id":"https:\/\/cyclingcambrils.com\/it\/la-cambrils-btt-origens-y-la-bioracer-cambrils-road-resumen-lo-mejor-del-territorio\/#primaryimage"},"thumbnailUrl":"https:\/\/cyclingcambrils.com\/wp-content\/uploads\/2026\/03\/En-este-entorno-inmejorable-vuelve-la-Bioracer-Cambrils-Road-una-cita-marcada-en-el-calendario-para-el-domingo-24-de-mayo-2.jpg","datePublished":"2026-04-28T16:36:35+00:00","breadcrumb":{"@id":"https:\/\/cyclingcambrils.com\/it\/la-cambrils-btt-origens-y-la-bioracer-cambrils-road-resumen-lo-mejor-del-territorio\/#breadcrumb"},"inLanguage":"it-IT","potentialAction":[{"@type":"ReadAction","target":["https:\/\/cyclingcambrils.com\/it\/la-cambrils-btt-origens-y-la-bioracer-cambrils-road-resumen-lo-mejor-del-territorio\/"]}]},{"@type":"ImageObject","inLanguage":"it-IT","@id":"https:\/\/cyclingcambrils.com\/it\/la-cambrils-btt-origens-y-la-bioracer-cambrils-road-resumen-lo-mejor-del-territorio\/#primaryimage","url":"https:\/\/cyclingcambrils.com\/wp-content\/uploads\/2026\/03\/En-este-entorno-inmejorable-vuelve-la-Bioracer-Cambrils-Road-una-cita-marcada-en-el-calendario-para-el-domingo-24-de-mayo-2.jpg","contentUrl":"https:\/\/cyclingcambrils.com\/wp-content\/uploads\/2026\/03\/En-este-entorno-inmejorable-vuelve-la-Bioracer-Cambrils-Road-una-cita-marcada-en-el-calendario-para-el-domingo-24-de-mayo-2.jpg","width":900,"height":600},{"@type":"BreadcrumbList","@id":"https:\/\/cyclingcambrils.com\/it\/la-cambrils-btt-origens-y-la-bioracer-cambrils-road-resumen-lo-mejor-del-territorio\/#breadcrumb","itemListElement":[{"@type":"ListItem","position":1,"name":"Portada","item":"https:\/\/cyclingcambrils.com\/it\/"},{"@type":"ListItem","position":2,"name":"La Cambrils BTT Or\u00edgens y la Bioracer Cambrils Road resumen lo mejor del territorio"}]},{"@type":"WebSite","@id":"https:\/\/cyclingcambrils.com\/it\/#website","url":"https:\/\/cyclingcambrils.com\/it\/","name":"Cambrils Cycling Paradise","description":"Descubre el para\u00edso del ciclista","publisher":{"@id":"https:\/\/cyclingcambrils.com\/it\/#organization"},"potentialAction":[{"@type":"SearchAction","target":{"@type":"EntryPoint","urlTemplate":"https:\/\/cyclingcambrils.com\/it\/?s={search_term_string}"},"query-input":{"@type":"PropertyValueSpecification","valueRequired":true,"valueName":"search_term_string"}}],"inLanguage":"it-IT"},{"@type":"Organization","@id":"https:\/\/cyclingcambrils.com\/it\/#organization","name":"Cambrils Cycling Paradise","url":"https:\/\/cyclingcambrils.com\/it\/","logo":{"@type":"ImageObject","inLanguage":"it-IT","@id":"https:\/\/cyclingcambrils.com\/it\/#\/schema\/logo\/image\/","url":"https:\/\/cyclingcambrils.com\/wp-content\/uploads\/2023\/04\/logo-cambrils-cycling-paradise.png","contentUrl":"https:\/\/cyclingcambrils.com\/wp-content\/uploads\/2023\/04\/logo-cambrils-cycling-paradise.png","width":600,"height":196,"caption":"Cambrils Cycling Paradise"},"image":{"@id":"https:\/\/cyclingcambrils.com\/it\/#\/schema\/logo\/image\/"},"sameAs":["https:\/\/www.facebook.com\/CambrilsTurisme\/","https:\/\/www.instagram.com\/cambrilsturisme"]},{"@type":"Person","@id":"https:\/\/cyclingcambrils.com\/it\/#\/schema\/person\/6e4f10916c8dd5c49acb64e671bdf0a8","name":"iban","image":{"@type":"ImageObject","inLanguage":"it-IT","@id":"https:\/\/secure.gravatar.com\/avatar\/999f97df4560c00ff8bc15fa4f3d885bacdd4c58a1377c629714dac8f319a383?s=96&d=mm&r=g","url":"https:\/\/secure.gravatar.com\/avatar\/999f97df4560c00ff8bc15fa4f3d885bacdd4c58a1377c629714dac8f319a383?s=96&d=mm&r=g","contentUrl":"https:\/\/secure.gravatar.com\/avatar\/999f97df4560c00ff8bc15fa4f3d885bacdd4c58a1377c629714dac8f319a383?s=96&d=mm&r=g","caption":"iban"},"url":"https:\/\/cyclingcambrils.com\/it\/author\/iban\/"}]}},"_links":{"self":[{"href":"https:\/\/cyclingcambrils.com\/it\/wp-json\/wp\/v2\/posts\/15552","targetHints":{"allow":["GET"]}}],"collection":[{"href":"https:\/\/cyclingcambrils.com\/it\/wp-json\/wp\/v2\/posts"}],"about":[{"href":"https:\/\/cyclingcambrils.com\/it\/wp-json\/wp\/v2\/types\/post"}],"author":[{"embeddable":true,"href":"https:\/\/cyclingcambrils.com\/it\/wp-json\/wp\/v2\/users\/22"}],"replies":[{"embeddable":true,"href":"https:\/\/cyclingcambrils.com\/it\/wp-json\/wp\/v2\/comments?post=15552"}],"version-history":[{"count":1,"href":"https:\/\/cyclingcambrils.com\/it\/wp-json\/wp\/v2\/posts\/15552\/revisions"}],"predecessor-version":[{"id":15554,"href":"https:\/\/cyclingcambrils.com\/it\/wp-json\/wp\/v2\/posts\/15552\/revisions\/15554"}],"wp:featuredmedia":[{"embeddable":true,"href":"https:\/\/cyclingcambrils.com\/it\/wp-json\/wp\/v2\/media\/15460"}],"wp:attachment":[{"href":"https:\/\/cyclingcambrils.com\/it\/wp-json\/wp\/v2\/media?parent=15552"}],"wp:term":[{"taxonomy":"category","embeddable":true,"href":"https:\/\/cyclingcambrils.com\/it\/wp-json\/wp\/v2\/categories?post=15552"},{"taxonomy":"post_tag","embeddable":true,"href":"https:\/\/cyclingcambrils.com\/it\/wp-json\/wp\/v2\/tags?post=15552"}],"curies":[{"name":"wp","href":"https:\/\/api.w.org\/{rel}","templated":true}]}}